{"id":101,"date":"2009-06-07T13:21:46","date_gmt":"2009-06-07T11:21:46","guid":{"rendered":"http:\/\/37.251.99.59:5000\/?p=101"},"modified":"2009-06-07T13:21:46","modified_gmt":"2009-06-07T11:21:46","slug":"dodik-i-posle-dodika","status":"publish","type":"post","link":"https:\/\/srcekrajine.org\/?p=101","title":{"rendered":"Dodik i posle Dodika"},"content":{"rendered":"<div class=\"content\">\n<div class=\"field field-type-image field-field-image-for-teaser\" style=\"float: right\">\n<div class=\"field-item\"><img loading=\"lazy\" decoding=\"async\" src=\"http:\/\/www.glas-javnosti.rs\/\/files\/image_for_teaser\/Thumb_miloraddodik02.jpg\" border=\"0\" width=\"198\" height=\"141\" \/><\/div>\n<\/p><\/div>\n<p>BEOGRAD &#8211; Po\u0161to je Me\u0111unarodni institut za bliskoisto\u010dne i balkanske studije iz LJubljane ustvrdio da \u0107e Igor Radoji\u010di\u0107, trenutni predsednik Skup\u0161tine RS i funkcioner SNSD, biti novi lider Srba u BiH, premijer RS izjavio je za Glas da je re\u010d o jo\u0161 jednom pritisku na Srpsku.<\/p>\n<p> <!--more--> <\/p>\n<p> Naime, IFIMES iz LJubljane tvrdi da je nedavna organizacija molitvenog doru\u010dka u Banjaluci po uzoru na onaj u ameri\u010dkoj Beloj ku\u0107i, koji tradicionalno organizuje predsednik SAD, defakto inauguracija Radoji\u010di\u0107a kao novog lidera Srba u BiH.<br \/> Tako\u0111e, ovaj institut isti\u010de se Radoji\u010di\u0107, javno i tajno, u zemlji i inostranstvu, sastajao sa me\u0111unarodnim zvani\u010dnicima i pripremao za novu lidersku ulogu.<br \/> &#8211; Organizator molitvenog doru\u010dka Igor Radoji\u010di\u0107 s razlogom je osumnji\u010den da je \u010dlan kriminalne organizacije koja i ne skriva nameru da proglasi novu dr\u017eavu Republiku Srpsku na teritoriji BiH &#8211; navodi IFIMES.<br \/> Me\u0111utim, premijer RS i predsednik SNSD Milorad Dodik, iz \u010dije je stranke i Radoji\u010di\u0107, tvrdi da je to \u201eobi\u010dna budala\u0161tina\u201c.<br \/> &#8211; Sve je to naru\u010deno. Oni koji takve vesti plasiraju su glupaci i obi\u010dni kreteni koji se navija\u010dki odnose prema jednoj strani! Te dezinformacije plasiraju jedan Albanac i jedan analiti\u010dar iz neke islamske zemlje u dogovoru sa vladom u Sarajevu. Prvo po\u010dnu sa napadima da smo ume\u0161ani u kriminal, pa posle slede politi\u010dke optu\u017ebe. Po njima ispada da nema nijednog Srbina na ovim prostorima koji nije ume\u0161an u ratni zlo\u010din i kriminal. Uskoro \u0107e i malo srpsko dete koje se rodi biti progla\u0161eno za ratnog zlo\u010dinca. Kad god vladi u Sarajevu zafale argumenti za napad na RS, pojave se neki nazovi stru\u010dnjaci sa glupim pri\u010dama. Mi nismo avanturisti i nama je RS na prvom mestu &#8211; isti\u010de Dodik.<br \/> Premijer RS ocenjuje da su vlasti u Sarajevu nervozne jer je \u201erazbijena\u201c njihova zamisao oko preure\u0111enja BiH.<br \/> &#8211; Oni isti\u010du da su za po\u0161tovanje duha Dejtona, a mi tvrdimo da smo za primenu slova Dejtonskog sporazuma. Duh mo\u017eemo i mi tuma\u010diti kako nama odgovara. Sarajevske vlasti su svesne popularnosti SNSD u narodu, pa stalnim izmi\u0161ljotinama poku\u0161avaju da razbiju jedinstvo partije. To su stari trikovi. Po\u010dnu sa pri\u010dama o kriminalu, pa nastave sa strana\u010dkim razmiricama. Radoji\u010di\u0107 i ja smo najbli\u017ei saradnici. Mi \u0107emo se, ako treba, \u017ertvovati za RS i od toga ne\u0107emo odustati &#8211; nagla\u0161ava Dodik.<br \/> Predsednik Skup\u0161tine RS Igor Radoji\u010di\u0107 nije se javljao na telefonske pozive Glasa javnosti.<\/p>\n<\/p><\/div>\n","protected":false},"excerpt":{"rendered":"<p>BEOGRAD &#8211; Po\u0161to je Me\u0111unarodni institut za bliskoisto\u010dne i balkanske studije iz LJubljane ustvrdio da \u0107e Igor Radoji\u010di\u0107, trenutni predsednik Skup\u0161tine RS i funkcioner SNSD, biti novi lider Srba u BiH, premijer RS izjavio je za Glas da je re\u010d o jo\u0161 jednom pritisku na Srpsku.<\/p>\n","protected":false},"author":1,"featured_media":0,"comment_status":"open","ping_status":"open","sticky":false,"template":"","format":"standard","meta":{"footnotes":""},"categories":[1],"tags":[],"_links":{"self":[{"href":"https:\/\/srcekrajine.org\/index.php?rest_route=\/wp\/v2\/posts\/101"}],"collection":[{"href":"https:\/\/srcekrajine.org\/index.php?rest_route=\/wp\/v2\/posts"}],"about":[{"href":"https:\/\/srcekrajine.org\/index.php?rest_route=\/wp\/v2\/types\/post"}],"author":[{"embeddable":true,"href":"https:\/\/srcekrajine.org\/index.php?rest_route=\/wp\/v2\/users\/1"}],"replies":[{"embeddable":true,"href":"https:\/\/srcekrajine.org\/index.php?rest_route=%2Fwp%2Fv2%2Fcomments&post=101"}],"version-history":[{"count":0,"href":"https:\/\/srcekrajine.org\/index.php?rest_route=\/wp\/v2\/posts\/101\/revisions"}],"wp:attachment":[{"href":"https:\/\/srcekrajine.org\/index.php?rest_route=%2Fwp%2Fv2%2Fmedia&parent=101"}],"wp:term":[{"taxonomy":"category","embeddable":true,"href":"https:\/\/srcekrajine.org\/index.php?rest_route=%2Fwp%2Fv2%2Fcategories&post=101"},{"taxonomy":"post_tag","embeddable":true,"href":"https:\/\/srcekrajine.org\/index.php?rest_route=%2Fwp%2Fv2%2Ftags&post=101"}],"curies":[{"name":"wp","href":"https:\/\/api.w.org\/{rel}","templated":true}]}}