{"id":1178,"date":"2013-08-20T07:43:45","date_gmt":"2013-08-20T05:43:45","guid":{"rendered":"http:\/\/37.251.99.59:5000\/?p=1178"},"modified":"2013-08-20T07:43:45","modified_gmt":"2013-08-20T05:43:45","slug":"tesla-u-beogradu","status":"publish","type":"post","link":"https:\/\/srcekrajine.org\/?p=1178","title":{"rendered":"Tesla u Beogradu"},"content":{"rendered":"<div style=\"text-align: left;\">\n<div>\n<div><a href=\"http:\/\/www.novosti.rs\/upload\/images\/2013\/\/08\/19n\/rep-tesla.jpg\" alt=\" Izlo\u017eba u Galeriji SANU od 21. do 28. avgusta\"><img decoding=\"async\" src=\"http:\/\/www.novosti.rs\/upload\/thumbs\/images\/2013\/\/08\/19n\/rep-tesla_620x0.jpg\" alt=\" Izlo\u017eba u Galeriji SANU od 21. do 28. avgusta\" \/><\/a><\/div>\n<p>Izlo\u017eba u Galeriji SANU od 21. do 28. avgusta<\/p>\n<\/p><\/div>\n<p>  <!--more-->  <\/p>\n<div>\n<p><span><span>SPOMENIK Nikoli Tesli, autora akademika Nikole Koke  Jankovi\u0107a, bi\u0107e predstavljen u Galeriji SANU u Knez Mihailovoj ulici u  Beogradu od 21. avgusta u 19 sati. Skulptura jednog od najboljih srpskih  vajara bi\u0107e izlo\u017eena sedam dana, a krajem septembra bi\u0107e postavljena  ispred Tesline laboratorije u \u0160orhemu u Njujorku.<\/span><\/span><\/p>\n<p><span><span>Uz spomenik, posetioci \u0107e u Ulici \u0110ure Jak\u0161i\u0107a 2  mo\u0107i da vide postavku \u201eSvetlost Teslinog dela\u201c na kojoj \u0107e biti  predstavljeno vi\u0161e od 40 radova na\u0161ih slikara koje je sakupio dr Mom\u010dilo  Mo\u0161a Todorovi\u0107, jedan od na\u0161ih najzna\u010dajnijih galerista. Radovi na\u0161ih  bi\u0107e tako\u0111e predstavljeni u Americi, u zgradi Misije Srbije u  Ujedinjenim nacijama.<\/span><\/span><\/p>\n<p><span><span>Potom \u0107e u  novembru ove godine postavka biti preseljena u Toronto, da bi se preko  \u010cikaga vratila u SAD. Po\u010detkom naredne godine, povodom obele\u017eavanja  200-godi\u0161njice doseljavanja Srba na tle SAD, bi\u0107e prikazana u  Filadelfiji, gde \u0107e tako\u0111e biti podignut spomenik Tesli, replika onog  koji \u0107e biti postavljen u Njujorku.<\/span><\/span><\/p>\n<p><span><span>Aleksandar  Vlajkovi\u0107, zamenik direktora Kancelarije za saradnju sa dijasporom,  ka\u017ee da \u0107e Teslin spomenik ispred njegove njujor\u0161ke laboratorije,  jedinog sa\u010duvanog objekta u kojem je \u017eiveo i stvarao, do\u010dekivati one  koji budu dolazili da u budu\u0107em nau\u010dnom centru razmene znanja.<\/span><\/span><\/p>\n<p> <span><span>&#8211;  Spomenik je najmanje \u010dime se mo\u017eemo odu\u017eiti Tesli za ono \u0161to nam je  podario, otvoriv\u0161i beskona\u010dnu perspektivu razvoja &#8211; ka\u017ee Vlajkovi\u0107. <\/span><\/span><\/div>\n<\/p><\/div>\n","protected":false},"excerpt":{"rendered":"<p>Izlo\u017eba u Galeriji SANU od 21. do 28. avgusta<\/p>\n","protected":false},"author":1,"featured_media":0,"comment_status":"open","ping_status":"open","sticky":false,"template":"","format":"standard","meta":{"footnotes":""},"categories":[1],"tags":[],"_links":{"self":[{"href":"https:\/\/srcekrajine.org\/index.php?rest_route=\/wp\/v2\/posts\/1178"}],"collection":[{"href":"https:\/\/srcekrajine.org\/index.php?rest_route=\/wp\/v2\/posts"}],"about":[{"href":"https:\/\/srcekrajine.org\/index.php?rest_route=\/wp\/v2\/types\/post"}],"author":[{"embeddable":true,"href":"https:\/\/srcekrajine.org\/index.php?rest_route=\/wp\/v2\/users\/1"}],"replies":[{"embeddable":true,"href":"https:\/\/srcekrajine.org\/index.php?rest_route=%2Fwp%2Fv2%2Fcomments&post=1178"}],"version-history":[{"count":0,"href":"https:\/\/srcekrajine.org\/index.php?rest_route=\/wp\/v2\/posts\/1178\/revisions"}],"wp:attachment":[{"href":"https:\/\/srcekrajine.org\/index.php?rest_route=%2Fwp%2Fv2%2Fmedia&parent=1178"}],"wp:term":[{"taxonomy":"category","embeddable":true,"href":"https:\/\/srcekrajine.org\/index.php?rest_route=%2Fwp%2Fv2%2Fcategories&post=1178"},{"taxonomy":"post_tag","embeddable":true,"href":"https:\/\/srcekrajine.org\/index.php?rest_route=%2Fwp%2Fv2%2Ftags&post=1178"}],"curies":[{"name":"wp","href":"https:\/\/api.w.org\/{rel}","templated":true}]}}