{"id":1180,"date":"2013-08-23T17:11:05","date_gmt":"2013-08-23T15:11:05","guid":{"rendered":"http:\/\/37.251.99.59:5000\/?p=1180"},"modified":"2013-08-23T17:11:05","modified_gmt":"2013-08-23T15:11:05","slug":"jovanka-broz-u-tekom-stanju","status":"publish","type":"post","link":"https:\/\/srcekrajine.org\/?p=1180","title":{"rendered":"Jovanka Broz u te\u0161kom stanju"},"content":{"rendered":"<div style=\"text-align: left;\">\n<p>Udovica biv\u0161eg  predsednika SFRJ Jovanka Broz u izuzetno je te\u0161kom zdravstvenom stanju i  lekari se bore za njen \u017eivot, rekao je danas direktor Urgentnog centra  Zlatibor Lon\u010dar.<\/p>\n<p> <img loading=\"lazy\" decoding=\"async\" src=\"http:\/\/www.pressonline.rs\/sw4i\/thumbnail\/jovanka.jpg?thumbId=1955986&#038;fileSize=38901&#038;lastModified=1377274074000&#038;contentType=image\/jpeg\" alt=\"Jovanka Broz u te\u0161kom stanju, lekari se bore za njen \u017eivot\" title=\"Jovanka Broz u te\u0161kom stanju, lekari se bore za njen \u017eivot\" height=\"318\" width=\"615\" \/><\/div>\n<p>  <!--more-->  <\/p>\n<div style=\"text-align: left;\">\n<p style=\"text-align: justify;\">Prvi  rezultati  pokazuju na po\u010detak sepse, rekao je Lon\u010dar i naveo da je  Jovanka Broz  primljena u polusvesnom stanju sa dekubitnim ranama i ve\u0107om  ranom na  grudnom ko\u0161u.<\/p>\n<p> Lon\u010dar je rekao da je Titova  udovica primljena u  Urgentni centar u veoma zapu\u0161tenom stanju i da je  dovedena u pratnji  dvoje ro\u0111aka kada vi\u0161e nije mogla da se protivi  le\u010denju.<\/p>\n<div style=\"width: 615px;\">\n<div><img loading=\"lazy\" decoding=\"async\" alt=\"Premijer Da\u010di\u0107 posetio Jovanku\" title=\"Premijer Da\u010di\u0107 posetio Jovanku\" src=\"http:\/\/www.pressonline.rs\/upload\/boxImageData\/2013\/08\/23\/203753\/dacic.jpg\" height=\"318\" width=\"615\" \/> <span>Premijer Da\u010di\u0107 posetio Jovanku<\/span><\/div>\n<\/p><\/div>\n<p style=\"text-align: justify;\">Prema njegovim re\u010dima, nema naznaka da je Titova udovica <strong><a href=\"http:\/\/pressonline.rs\/info\/drustvo\/283871\/jovanka-broz-dozivela-infarkt.html\">do\u017eivela infarkt kao \u0161to su danas neki mediji preneli.<\/a><\/strong><\/p>\n<p> Direktor Urgentnog centra je preneo da je Jovanku Broz oko 17.30 \u010dasova posetio premijer Ivica Da\u010di\u0107.<\/p>\n<p><span>Izvor<\/span>:                                                                                                    Tanjug &#8211; <span>23. 08. 2013<\/span><\/p>\n<\/p><\/div>\n","protected":false},"excerpt":{"rendered":"<p>Udovica biv\u0161eg predsednika SFRJ Jovanka Broz u izuzetno je te\u0161kom zdravstvenom stanju i lekari se bore za njen \u017eivot, rekao je danas direktor Urgentnog centra Zlatibor Lon\u010dar.<\/p>\n","protected":false},"author":1,"featured_media":0,"comment_status":"open","ping_status":"open","sticky":false,"template":"","format":"standard","meta":{"footnotes":""},"categories":[1],"tags":[],"_links":{"self":[{"href":"https:\/\/srcekrajine.org\/index.php?rest_route=\/wp\/v2\/posts\/1180"}],"collection":[{"href":"https:\/\/srcekrajine.org\/index.php?rest_route=\/wp\/v2\/posts"}],"about":[{"href":"https:\/\/srcekrajine.org\/index.php?rest_route=\/wp\/v2\/types\/post"}],"author":[{"embeddable":true,"href":"https:\/\/srcekrajine.org\/index.php?rest_route=\/wp\/v2\/users\/1"}],"replies":[{"embeddable":true,"href":"https:\/\/srcekrajine.org\/index.php?rest_route=%2Fwp%2Fv2%2Fcomments&post=1180"}],"version-history":[{"count":0,"href":"https:\/\/srcekrajine.org\/index.php?rest_route=\/wp\/v2\/posts\/1180\/revisions"}],"wp:attachment":[{"href":"https:\/\/srcekrajine.org\/index.php?rest_route=%2Fwp%2Fv2%2Fmedia&parent=1180"}],"wp:term":[{"taxonomy":"category","embeddable":true,"href":"https:\/\/srcekrajine.org\/index.php?rest_route=%2Fwp%2Fv2%2Fcategories&post=1180"},{"taxonomy":"post_tag","embeddable":true,"href":"https:\/\/srcekrajine.org\/index.php?rest_route=%2Fwp%2Fv2%2Ftags&post=1180"}],"curies":[{"name":"wp","href":"https:\/\/api.w.org\/{rel}","templated":true}]}}