{"id":1201,"date":"2013-09-26T06:42:04","date_gmt":"2013-09-26T04:42:04","guid":{"rendered":"http:\/\/37.251.99.59:5000\/?p=1201"},"modified":"2013-09-26T06:42:04","modified_gmt":"2013-09-26T04:42:04","slug":"ne-prihvatamo-kosovo-u-un","status":"publish","type":"post","link":"https:\/\/srcekrajine.org\/?p=1201","title":{"rendered":"Ne prihvatamo Kosovo u UN"},"content":{"rendered":"<div style=\"text-align: left;\"><span>Tanjug<\/span> | \t\t\t\t\t\t                         \t25. septembar 2013<\/div>\n<div style=\"text-align: left;\">\n<h3><span> <\/span><\/h3>\n<div>\n<div>\n<div>\n<div>\n<div><a href=\"http:\/\/novosti.rs\/upload\/images\/2013\/\/09\/25n\/0TOMA.jpg\" alt=\" Tomislav Nikoli\u0107 u UN \/ foto Tanjug, Ap\"><img decoding=\"async\" src=\"http:\/\/novosti.rs\/upload\/thumbs\/images\/2013\/\/09\/25n\/0TOMA_620x0.jpg\" alt=\" Tomislav Nikoli\u0107 u UN \/ foto Tanjug, Ap\" \/><\/a><\/div>\n<p>Tomislav Nikoli\u0107 u UN \/ foto Tanjug, Ap<\/p>\n<\/p><\/div>\n<\/p><\/div>\n<\/p><\/div>\n<\/p><\/div>\n<\/p><\/div>\n<div style=\"text-align: left;\" \/>\n<div \/>\n<p>SRBIJA o\u010dekuje da najkasnije u januaru  2014. zapo\u010dne pregovore o \u010dlanstvu u EU i nadam se da oni ne\u0107e trajati  beskona\u010dno. Istovremeno, \u017eelimo da za\u0161titimo na\u0161 narod na KiM, da svim  \u017eiteljima obezbedimo normalan \u017eivot, ali to ne zna\u010di da prihvatamo  prijem KiM u Ujedinjene nacije.<\/p>\n<p>  <!--more-->  <\/p>\n<p>Ovo je, u najkra\u0107em, su\u0161tinska poruka predsednika Srbije  Tomislava Nikoli\u0107a, koji se u sredu obratio u\u010desnicima Generalne  skup\u0161tine UN.<\/p>\n<p>On je ponovio da pitanje jednostrano progla\u0161ene  nezavisnosti Kosova od 2008. predstavlja problem koji je naru\u0161io sistem  koji su UN gradile od svog osnivanja.<\/p>\n<div><strong>ISTINA O TRGOVINI ORGANIMA<\/strong> PREDSEDNIK je pozvao zemlje \u010dlanice UN da podr\u017ee Srbiju u naporima da  se sazna istina o kidnapovanim i ubijenim Srbima na KiM, kojima su  organi va\u0111eni i prodavani: &#8211; Specijalni izvestilac Saveta Evrope Dik  Marti dokazao je, a Parlamentarna skup\u0161tina SE potvrdila, da su neki od  sada\u0161njih albanskih prvaka sa Kosova i Metohije organizovali  kidnapovanja i ubijanja Srba, kojima su organi va\u0111eni i prodavani.  \u201eUvereni smo i dalje da je u istragu neophodno uklju\u010diti i Ujedinjene  nacije\u201c, rekao je Nikoli\u0107.<\/div>\n<p>&#8211; Nelegalnu secesiju, koju su  poku\u0161ale kosovske privremene institucije samouprave, UN nikada nisu  priznale, ali jedan broj zemalja, zanemariv\u0161i me\u0111unarodni pravni  poredak, priznao je Kosovo kao nezavisnu dr\u017eavu. Pod stalnim pritiscima i  ucenama velikih i mo\u0107nih dr\u017eava, i neke druge, me\u0111u kojima je bilo i  tradicionalnih prijatelja moje zemlje, priznale su, na\u017ealost, kosovsku  dr\u017eavnost.<\/p>\n<p>Predsednik je poru\u010dio da Srbija na te akte reaguje  odmereno, diplomatski i politi\u010dki, isklju\u010div\u0161i svaku upotrebu sile radi  za\u0161tite svoga suvereniteta i teritorijalne celovitosti.<\/p>\n<p>&#8211; Retko koja zemlja bi pokazala toliki stepen razboritosti u situaciji u kojoj su joj ugro\u017eeni vitalni nacionalni interesi.<\/p>\n<p>\u0160ef  dr\u017eave apelovao je da mandat Unmika na Kosovu ostane nepromenjen, da se  broj pripadnika misije ne smanjuje i da se njene aktivnosti oja\u010daju.<\/p>\n<p>&#8211;  Podr\u017eavamo i delovanje Euleksa na KiM, ali oni, zadr\u017eavaju\u0107i statusno  neutralni pristup, treba da nastave da poma\u017eu da se u pokrajini grade  demokratske institucije, po\u0161tuju ljudska prava Srba i drugih nealbanskih  \u017eitelja, jer su jedino njima i ugro\u017eena.<\/p>\n<div><strong>ZLOUPOTREBA HAGA<\/strong> NIKOLI\u0106 je pomenuo i rad Ha\u0161kog tribunala, rekav\u0161i da je taj sud  \u201ezloupotrebio mandat koji mu je dao SB\u201c, da je odmogao u procesu  pomirenja na podru\u010dju biv\u0161e Jugoslavije i da je iskompromitovao ideju  me\u0111unarodnog krivi\u010dnog pravosu\u0111a. Govore\u0107i o spoljnoj politici Srbije,  Nikoli\u0107 je kazao da se obnavljaju stara i uspostavljaju nova  prijateljstva u svetu i strate\u0161ka partnerstva na istoku, zapadu, severu i  jugu.<\/div>\n<p>&#8211; Za ne\u0161to vi\u0161e od godinu dana mandata posetio sam skoro  sve zemlje s kojima se Srbija grani\u010di, \u017eele\u0107i time da po\u0161aljem poruku da  se moja dr\u017eava odlu\u010dila za regionalnu saradnju i zajedni\u010dki rad s  kom\u0161ijama. U\u010dinio sam, u ime Srbije, gestove koji su i simboli\u010dno i  su\u0161tinski pokazali da \u017eelimo da se izmirimo s narodima koji \u017eive pokraj  nas. Ti akti, uveren sam, zna\u010dajno \u0107e doprineti pomirenju i ispravljanju  nepravdi iz pro\u0161losti.<\/p>\n<p>Nikoli\u0107 je ponovio da je Srbija spremna da  u narednom periodu pove\u0107a obim svog u\u010de\u0161\u0107a u mirovnim misijama UN, uz  anga\u017eovanje jedinica i opreme koja je standard nacionalnih kontingenata.<\/p>\n<p>Kako  je napomenuo, Srbija je \u010dlanica skoro svih me\u0111unarodnih ugovora i  inicijativa u oblastima razoru\u017eanja i kontrole naoru\u017eanja i u potpunosti  sprovodi preuzete obaveze.<\/p>\n<p>&#8211; Srbija nikad u svojoj istoriji nije  vodila agresivni rat, a oru\u017eje koje ima slu\u017ei joj samo za sopstvenu  odbranu. Uz to, nikada nikome nismo predstavljali pretnju, nismo  raspolagali oru\u017ejem za masovno uni\u0161tenje i ne planiramo da takva  sredstva uvr\u0161\u0107ujemo u svoj arsenal &#8211; zaklju\u010dio je Nikoli\u0107.<\/p>\n<p><strong>POHVALE KETRIN E\u0160TON<\/strong><\/p>\n<p>Visoka  predstavnica Evropske unije za spoljnu politiku i bezbednost Ketrin  E\u0161ton srela se danas na marginama zasedanja Generalne skup\u0161tine  Ujedinjenih nacija sa predsednikom Tomislavom Nikoli\u0107em i pohvalila  napredak Srbije na putu evropskih integracija.<\/p>\n<p>&#8222;Visoka  predstavnica je pohvalila napredak postignut tokom poslednje godine&#8220;,  pi\u0161e u saop\u0161tenju za medije iz kabineta E\u0161tonove, u kome se dodaje da su  ona i Nikoli\u0107 razgovarali i o primeni Briselskog sporazuma.<\/p>\n<p>&#8222;Posebno  su pri\u010dali o novembarskim lokalnim izborima na Kosovu i slo\u017eili se da  je va\u017eno da oni budu po\u0161teni, uz \u0161to ve\u0107i odziv glasa\u010da&#8220;, saop\u0161tila je  pravna slu\u017eba \u0161efice evropske diplomatije.<\/p>\n<p><strong>PRIJEM U MISIJI SRBIJE<\/strong><\/p>\n<p>Nikoli\u0107  \u0107e ve\u010deras sa prvom damom Dragicom, prisustvovati i otvaranju izlo\u017ebe  eminentnih srpskih slikara &#8222;Tesli u \u010dast&#8220;, i prijemu koji organizuje  Misija Srbije pri UN. <\/p>\n<p>Na toj sve\u010danosti \u0107e predsednik Srbije  uru\u010diti odlikovanja biv\u0161em ameri\u010dkom tu\u017eiocu i borcu za istinu o Srbiji u  svetu Remziju Klarku (Sretenjski orden drugog stepena), doskora\u0161njem  prvom \u010doveku srpskog Kokusa u Kongresu SAD Denu Bartonu (Orden srpske  zastave drugog stepena) i kongresmenki iz Ilinoisa Melisi Bin (Orden  srpske zastave tre\u0107eg stepena). Nikoli\u0107 je tokom boravka u Njujorku  prisustvovao sve\u010danom prijemu koji je za svetske dr\u017eavnike organizovao  ameri\u010dki predsednik Barak Obama, kao i otkrivanju spomenika velikom  nau\u010dniku Nikoli Tesli u mestu \u0160orham u blizini Njujorka.<\/p>\n<\/p><\/div>\n<\/p><\/div>\n","protected":false},"excerpt":{"rendered":"<p>Tanjug | 25. septembar 2013 Tomislav Nikoli\u0107 u UN \/ foto Tanjug, Ap SRBIJA o\u010dekuje da najkasnije u januaru 2014. zapo\u010dne pregovore o \u010dlanstvu u EU i nadam se da oni ne\u0107e trajati beskona\u010dno. Istovremeno, \u017eelimo da za\u0161titimo na\u0161 narod na KiM, da svim \u017eiteljima obezbedimo normalan \u017eivot, ali to ne zna\u010di da prihvatamo prijem [&hellip;]<\/p>\n","protected":false},"author":1,"featured_media":0,"comment_status":"open","ping_status":"open","sticky":false,"template":"","format":"standard","meta":{"footnotes":""},"categories":[1],"tags":[],"_links":{"self":[{"href":"https:\/\/srcekrajine.org\/index.php?rest_route=\/wp\/v2\/posts\/1201"}],"collection":[{"href":"https:\/\/srcekrajine.org\/index.php?rest_route=\/wp\/v2\/posts"}],"about":[{"href":"https:\/\/srcekrajine.org\/index.php?rest_route=\/wp\/v2\/types\/post"}],"author":[{"embeddable":true,"href":"https:\/\/srcekrajine.org\/index.php?rest_route=\/wp\/v2\/users\/1"}],"replies":[{"embeddable":true,"href":"https:\/\/srcekrajine.org\/index.php?rest_route=%2Fwp%2Fv2%2Fcomments&post=1201"}],"version-history":[{"count":0,"href":"https:\/\/srcekrajine.org\/index.php?rest_route=\/wp\/v2\/posts\/1201\/revisions"}],"wp:attachment":[{"href":"https:\/\/srcekrajine.org\/index.php?rest_route=%2Fwp%2Fv2%2Fmedia&parent=1201"}],"wp:term":[{"taxonomy":"category","embeddable":true,"href":"https:\/\/srcekrajine.org\/index.php?rest_route=%2Fwp%2Fv2%2Fcategories&post=1201"},{"taxonomy":"post_tag","embeddable":true,"href":"https:\/\/srcekrajine.org\/index.php?rest_route=%2Fwp%2Fv2%2Ftags&post=1201"}],"curies":[{"name":"wp","href":"https:\/\/api.w.org\/{rel}","templated":true}]}}