{"id":1226,"date":"2013-09-27T17:50:17","date_gmt":"2013-09-27T15:50:17","guid":{"rendered":"https:\/\/srcekrajine.org\/?p=1226"},"modified":"2013-09-28T17:50:54","modified_gmt":"2013-09-28T15:50:54","slug":"berlin-zeli-da-proturi-ostrije-uslove","status":"publish","type":"post","link":"https:\/\/srcekrajine.org\/?p=1226","title":{"rendered":"Berlin \u017eeli da &#8222;proturi&#8220; o\u0161trije uslove"},"content":{"rendered":"<div>\n<div><a href=\"http:\/\/novosti.rs\/upload\/images\/2013\/\/09\/26n\/pol-dacic.jpg\"><img decoding=\"async\" alt=\" Ivica Da\u010di\u0107\" src=\"http:\/\/novosti.rs\/upload\/thumbs\/images\/2013\/\/09\/26n\/pol-dacic_620x0.jpg\" \/><\/a><\/div>\n<p><span>O\u010cEKUJEM pozitivnu odluku Evropskog saveta za po\u010detak pregovora sa EU. Velike su \u0161anse da prva me\u0111uvladina konferencija bude odr\u017eana odmah u decembru, posle samita evropskih lidera.<\/span><\/p>\n<div><!--more--><\/div>\n<p><span>Ovaj optimisti\u010dni scenario u intervjuu za \u201eNovosti\u201c iznosi premijer Ivica Da\u010di\u0107. Iako na\u0161u dr\u017eavu narednih meseci verovatno \u010dekaju uslovljavanja Nema\u010dke oko KiM, on poru\u010duje da se treba nadati pozitivnom ishodu:<\/span><\/p>\n<p><span>&#8211; U stalnom smo kontaktu sa najbli\u017eim saradnicima kancelarke Angele Merkel, jer nastavak na\u0161eg evropskog puta mo\u017eda i u najve\u0107oj meri zavisi od Berlina. Ova vlada ne ponavlja gre\u0161ke pro\u0161le vlasti, koja nije u dovoljnoj meri shvatila zna\u010daj najboljih mogu\u0107ih odnosa sa Nema\u010dkom.<\/span><\/p>\n<p><span><b>* Da li ste videli \u201enema\u010dku listu\u201c sa desetak zahteva oko KiM, kojim \u0107e nas, navodno, usloviti?<\/b><\/span><\/p>\n<p><span>&#8211; Da se razumemo, novih uslova nema, za po\u010detak pregovora tra\u017ei se primena Briselskog sporazuma. Me\u0111utim, ima poku\u0161aja da se poo\u0161tri pregovara\u010dki okvir, koji treba da defini\u0161e vi\u0161egodi\u0161nji proces koji Srbija treba da pro\u0111e do \u010dlanstva u EU.<\/span><\/p>\n<div><b>NIJE \u010cEDA EVROPSKI BARJAKTAR<\/b> * KAKO gledate na saradnju DS i LDP?<br \/>\n&#8211; Udru\u017euju se oni koji su se razdru\u017eili. Svi su oni bili u jednoj partiji i sad se, kao, udru\u017euju. Nemam ni\u0161ta protiv, samo napred. Ali, imam poruku za njih &#8211; ne mo\u017eete da imate monopol na evropsku opciju, da jedino vi dr\u017eite barjak demokratije u Srbiji.<\/div>\n<p><span><b>* \u0160ta je \u201ecrvena linija\u201c ispod koje Srbija ne\u0107e i\u0107i?<\/b><\/span><\/p>\n<p><span>&#8211; Srbija \u0107e uraditi sve tako da Nema\u010dka ne\u0107e imati za \u0161ta u decembru da ka\u017ee \u201ene\u201c. U ovoj fazi integracija bi\u0107e odre\u0111enih uslova Nema\u010dke i oni \u0107e biti prihvatljivi ako ne uti\u010du na su\u0161tinu na\u0161e dr\u017eavotvornosti i ne naru\u0161avaju na\u0161e dr\u017eavne interese.<\/span><\/p>\n<p><span><b>* Da li je prihvatljivo da u pregovara\u010dki okvir bude uneto da se sa Pri\u0161tinom potpi\u0161e sporazum o dobrosusedskim odnosima?<\/b><\/span><\/p>\n<p><span>&#8211; Na\u017ealost, mi se ne pitamo o pregovara\u010dkom okviru, ve\u0107 taj dokument usvaja Savet za op\u0161te poslove EU. U nacrtu okvira, poglavlje 35 odnosi se na normalizaciju na\u0161ih odnosa sa Pri\u0161tinom, ali postoje ideje da se skoro u svakom poglavlju to pitanje pomene. Druge zemlje EU se protive tome. Nadam se da \u0107e se na\u0107i kompromis i da \u0107emo krajem godine ili po\u010detkom slede\u0107e zapo\u010deti pregovore.<\/span><\/p>\n<p><span><b>* Mo\u017ee li Beograd u naredna dva meseca da ispuni sve ta\u010dke Briselskog sporazuma? <\/b><\/span><\/p>\n<p><span>&#8211; I mi o\u010dekujemo da Evropa spre\u010di sve poku\u0161aje Pri\u0161tine da opstruira primenu tog dogovora. Srbija \u010dini sve i u\u010dini\u0107e sve da obaveze koje je preuzela realizuje.<\/span><\/p>\n<p><span><b>* Ali, klju\u010d za to su lokalni izbori na KiM, a Srbi sa severa najavljuju bojkot&#8230;<\/b><\/span><\/p>\n<p><span>&#8211; Bojkot izbora nije u interesu ni kosovskih Srba ni Srbije. Ne zbog zastoja na na\u0161em evropskom putu, ve\u0107 zbog \u010dinjenice da je ovo prilika da Srbi dobiju vlast u op\u0161tinama u kojima su ve\u0107ina, a koja bi imala me\u0111unarodnu verifikaciju. Zajednica srpskih op\u0161tina mo\u017ee da ima veliki uticaj i ovu priliku ne treba propustiti.<\/span><\/p>\n<p><span><b>* Kada \u0107ete se ponovo sresti sa Ha\u0161imom Ta\u010dijem i koje teme \u0107e biti na stolu?<\/b><\/span><\/p>\n<p><span>&#8211; Naredni susret sa Ta\u010dijem jo\u0161 nije zakazan. Dogovoreno je da to bude posle lokalnih izbora na Kosovu. Briselskim sporazumom nisu re\u0161ena sva sporna pitanja izme\u0111u Beograda i Pri\u0161tine. Na red tek dolaze va\u017ene teme, poput imovine na\u0161ih gra\u0111ana i firmi, polo\u017eaja SPC&#8230;<\/span><\/p>\n<div><img decoding=\"async\" alt=\"\" src=\"http:\/\/novosti.rs\/upload\/images\/2013\/\/09\/26n\/pol-dacic-MALA-%281%29.jpg\" \/><\/div>\n<p><span><b>* Ho\u0107e li se u narednoj fazi menjati forma dijaloga, i kako bi on mogao da izgleda?<\/b><\/span><\/p>\n<p><span>&#8211; Voleo bih da se to desi, da se dijalog spusti na tehni\u010dki nivo. Me\u0111utim, to je u ovoj fazi nemogu\u0107e, jer se na politi\u010dkom nivou preseca i donose kona\u010dne odluke. I Brisel insistira da se sastajemo Ta\u010di i ja, zato \u0161to bi u suprotnom taj proces bio zako\u010den.<\/span><\/p>\n<p><span><b>* Da li se va\u0161 novi tim u Nemanjinoj uhodao? Jeste li zadovoljni kako funkcioni\u0161e rekonstruisana Vlada?<\/b><\/span><\/p>\n<p><span>&#8211; Veoma sam zadovoljan. Ministri su preuzeli svoje du\u017enosti i krenuli da rade punom parom. Naravno, pro\u0161le su tek tri nedelje od rekonstrukcije i period adaptacije jo\u0161 traje. Mnogi od njih nisu nikad ni vr\u0161ili dr\u017eavne poslove.<\/span><\/p>\n<div><b>VU\u010cI\u0106 IM JE BIO DOBAR<\/b> * O\u010cEKUJTE li neke radikalnije akcije opozicije protiv aktuelne vlasti? \u0110ilas ka\u017ee da vi\u0161e ne\u0107e da \u0107uti&#8230;<br \/>\n&#8211; Ovo \u0161to se de\u0161ava u Beogradu nije li\u010dna stvar niti pitanje simpatija ili antipatija. To je politika. \u0110ilas vi\u0161e nema ve\u0107inu. A to \u0161to poru\u010duje da ne\u0107e da \u0107uti, iskreno, nisam primetio da je \u0107utao dok je hvalio Vu\u010di\u0107a. Niste mogli od njega da do\u0111ete na red. Nije on \u0107utao, on je hvalio, rekao je da su u ovoj vladi dobri jedino Vu\u010di\u0107 i PUPS.<\/div>\n<p><span><b>* Ipak, i me\u0111u novim ministrima se \u010duju disonantni tonovi, pogotovo kad je re\u010d o merama ekonomske politike?<\/b><\/span><\/p>\n<p><span>&#8211; Atmosfera je sada mnogo druga\u010dija, pojednostavljeni su principi me\u0111usobnog dogovaranja, nema vi\u0161e nekog praznog hoda i nema nikakvih problema ili sukoba.<\/span><\/p>\n<p><span><b>* O\u010dekujete li da Vlada izdr\u017ei pun mandat ili \u0107e biti vanrednih izbora?<\/b><\/span><\/p>\n<p><span>&#8211; To je stvar politi\u010dke procene. Na\u0161a je \u017eelja da Vlada funkcioni\u0161e u punom kapacitetu i na najbolji mogu\u0107i na\u010din, sve dok bude imala rezultata, odnosno dok bude ostvarivala svoje ciljeve.<\/span><\/p>\n<p><span><b>* Kakav je plan za Beograd, posle razre\u0161enja \u0110ilasa? Naprednjaci ho\u0107e oro\u010denu vlast, pa da se za pola godine ide na izbore. Koliko to odgovara SPS?<\/b><\/span><\/p>\n<p><span>&#8211; Nisam \u010duo da naprednjaci, odnosno Aleksandar Vu\u010di\u0107, insistiraju na izborima u prestonici. Zasada smo se samo dogovorili da se razre\u0161i \u0110ilas, sve ostalo \u0107e tek biti predmet daljih koalicionih razgovora.<\/span><\/p>\n<p><span><b>* I za \u0161ta \u0107ete se vi zalo\u017eiti &#8211; za privremenu upravu ili vanredne izbore?<\/b><\/span><\/p>\n<p><span>&#8211; Sada su na dnevnom redu razgovori o kadrovskim re\u0161enjima, izbor novog rukovodstva Beograda, koncept politike koju \u0107e sprovoditi nova gradska vlast i koliko \u0107e ta vlast trajati.<\/span><\/p>\n<div><img decoding=\"async\" alt=\"\" src=\"http:\/\/novosti.rs\/upload\/images\/2013\/\/09\/26n\/pol-dacic-MALA-%282%29.jpg\" \/><\/div>\n<p><span><b>* Upravo vam zameraju &#8211; \u0161to to sve nije dogovoreno pre ru\u0161enja \u0110ilasa i \u0161to je grad <\/b><\/span><span><b>ostavljen u<\/b><\/span><span><b> politi\u010dkom vakuumu?<\/b><\/span><\/p>\n<p><span>&#8211; Ne pla\u0161im se izbora. Samo postavljam logi\u010dno pitanje za\u0161to bi Beograd bio jedini grad u Srbiji gde smo izvr\u0161ili promene, a u kom bi se i\u0161lo na glasanje. Onda treba raspisati lokalne izbore u celoj Srbiji. I druga stvar, Boris Tadi\u0107 i DS su me 2008. uslovili da \u0110ilas mora da bude gradona\u010delnik, a ne Vu\u010di\u0107, kome sam to obe\u0107ao, ina\u010de ne\u0107e biti ni republi\u010dke vlasti. Tad je \u0110ilas mogao da bude gradona\u010delnik bez izbora, a sada ih tra\u017ei. Kako ste sejali, tako \u0107ete i da \u017eanjete.<\/span><\/p>\n<\/div>\n","protected":false},"excerpt":{"rendered":"<p>O\u010cEKUJEM pozitivnu odluku Evropskog saveta za po\u010detak pregovora sa EU. Velike su \u0161anse da prva me\u0111uvladina konferencija bude odr\u017eana odmah u decembru, posle samita evropskih lidera.<\/p>\n","protected":false},"author":2,"featured_media":0,"comment_status":"open","ping_status":"closed","sticky":false,"template":"","format":"standard","meta":{"footnotes":""},"categories":[],"tags":[],"_links":{"self":[{"href":"https:\/\/srcekrajine.org\/index.php?rest_route=\/wp\/v2\/posts\/1226"}],"collection":[{"href":"https:\/\/srcekrajine.org\/index.php?rest_route=\/wp\/v2\/posts"}],"about":[{"href":"https:\/\/srcekrajine.org\/index.php?rest_route=\/wp\/v2\/types\/post"}],"author":[{"embeddable":true,"href":"https:\/\/srcekrajine.org\/index.php?rest_route=\/wp\/v2\/users\/2"}],"replies":[{"embeddable":true,"href":"https:\/\/srcekrajine.org\/index.php?rest_route=%2Fwp%2Fv2%2Fcomments&post=1226"}],"version-history":[{"count":1,"href":"https:\/\/srcekrajine.org\/index.php?rest_route=\/wp\/v2\/posts\/1226\/revisions"}],"predecessor-version":[{"id":1227,"href":"https:\/\/srcekrajine.org\/index.php?rest_route=\/wp\/v2\/posts\/1226\/revisions\/1227"}],"wp:attachment":[{"href":"https:\/\/srcekrajine.org\/index.php?rest_route=%2Fwp%2Fv2%2Fmedia&parent=1226"}],"wp:term":[{"taxonomy":"category","embeddable":true,"href":"https:\/\/srcekrajine.org\/index.php?rest_route=%2Fwp%2Fv2%2Fcategories&post=1226"},{"taxonomy":"post_tag","embeddable":true,"href":"https:\/\/srcekrajine.org\/index.php?rest_route=%2Fwp%2Fv2%2Ftags&post=1226"}],"curies":[{"name":"wp","href":"https:\/\/api.w.org\/{rel}","templated":true}]}}