{"id":1230,"date":"2013-09-28T17:47:40","date_gmt":"2013-09-28T15:47:40","guid":{"rendered":"https:\/\/srcekrajine.org\/?p=1230"},"modified":"2013-09-28T17:47:40","modified_gmt":"2013-09-28T15:47:40","slug":"otkazana-parada-ponosa","status":"publish","type":"post","link":"https:\/\/srcekrajine.org\/?p=1230","title":{"rendered":"Otkazana Parada ponosa"},"content":{"rendered":"<div><a href=\"http:\/\/novosti.rs\/upload\/images\/2013\/\/09\/28\/dru_policija_1_rgb.jpg\"><img decoding=\"async\" alt=\" Policajci  legitimi\u0161u prolaznike  Foto I. Marinkovi\u0107\" src=\"http:\/\/novosti.rs\/upload\/thumbs\/images\/2013\/\/09\/28\/dru_policija_1_rgb_620x0.jpg\" \/><\/a><\/div>\n<div>\n<div>\n<p>BEOGRAD &#8211; U centru Beograda, gde \u0107e danas Organizacioni odbor beogradske &#8222;Parade ponosa&#8220; odr\u017eati konferenciju za novinare, mirno je i nema nikakvih okupljanja, a preventivno je prisutna i policija na raznim lokacijama, javlja reporter Tanjuga sa lica mesta.<\/p>\n<p><!--more--><\/p>\n<p>Na Terazijama, ispred ulaza u Medija centar, prisutno je tridesetak policajaca, dok je sa druge strane ulice, parkirano nekoliko policijskih marica, kao i drugih policijskih automobila. Prisutne su i brojne novinarske ekipe, dok se saobra\u0107aj odvija normalno.<\/p>\n<p>Osim \u010dlanova Organizacionog odbora beogradske Parade ponosa, me\u0111u u\u010desnicima konferencije koja se odr\u017eava u Medija centru, su i \u0161ef Delegacije EU u Srbiji Majkl Devenport i \u0161vedska ministarka za odnose sa EU Brigita Ulson.<\/p>\n<p>Ina\u010de od ranih jutarnjih sati ve\u0107i broj pripadnika policije u opremi za razbijanje demonstracija raspore\u0111en je u i oko parka Manje\u017e i drugim delovima centra Beograda. Stepen bezbednosti na beogradskim ulicama poja\u010dan je preventivno da bi se spre\u010dili eventualni poku\u0161aji okupljanja posle otkazivanja svih za danas zakazanih skupova, re\u010deno je Tanjugu u MUP-u Srbije.<\/p>\n<p>Poja\u010dano prisustvo policije je uglavnom oko dr\u017eavnih institucija &#8211; zgrada Vlade Srbije, Doma Skup\u0161tsine, na Andr\u0107evom vencu, kao i oko parka Manje\u017e, Saborne crkve, Etnografskog muzeja i stare zgrade ambasade SAD u ulici Kneza Milo\u0161a.<\/p>\n<div><img loading=\"lazy\" decoding=\"async\" alt=\"\" src=\"http:\/\/novosti.rs\/upload\/images\/2013\/\/09\/28\/dru_policija_mala_rgb.jpg\" width=\"647\" height=\"292\" \/><\/div>\n<p>U MUP-u podse\u0107aju da su odlukom Biroa za koordinaciju slu\u017ebi bezbednosti otkazani svi skupovi zakazani za danas, pa je otuda preventivno neophodno da bude pove\u0107an stepen pripravnosti pripadnika policije kako bi se onemogu\u0107io poku\u0161aj eventualnog okupljanja.<\/p>\n<div>IZ sveta i Evrope od petka ve\u010de nastavljaju da sti\u017eu reakcije na odluku o otkazivanju Parade ponosa.<\/div>\n<p>Prvi potpredsednik vlade Aleksandar Vu\u010di\u0107 izjavio je u subotu da je odluka o zabrani Parade ponosa, ali i svih drugih skupova bila jedina ispravna i da je doneta u interesu gra\u0111ana.<br \/>\nOdgovaraju\u0107i na pitanja novinara u Koceljevi, vezana za ju\u010dera\u0161nja zabranu Parade ponosa, Vu\u010di\u0107 je rekao da nisu huligani pobedili dr\u017eavu i pitao \u0161ta bi bilo i \u010dija bi bila odgovornost da je neko poginuo i ko bi pobedio da je neko poginuo.<\/p>\n<div><img loading=\"lazy\" decoding=\"async\" alt=\"\" src=\"http:\/\/novosti.rs\/upload\/images\/2013\/\/09\/28\/dru_policija_mala_2_rgb.jpg\" width=\"643\" height=\"427\" \/><\/div>\n<p>On je pitao i da li bi cena odr\u017eavanja bila stotine razbijenih izloga, povre\u0111eni policajci, gra\u0111ani.<\/p>\n<p>Vu\u010di\u0107 je naveo i da je razgovarao sa komesarom za pro\u0161irenje \u0160tefanom Fileom i \u0161efom Delegacije EU u Beogra\u0111u Majklom Devenportom, da su oni izrazili zabrinutost, da mi to razumemo, ali da je odluka doneta u interesu gra\u0111ana Srbije.<\/p>\n<\/div>\n<\/div>\n","protected":false},"excerpt":{"rendered":"<p>BEOGRAD &#8211; U centru Beograda, gde \u0107e danas Organizacioni odbor beogradske &#8222;Parade ponosa&#8220; odr\u017eati konferenciju za novinare, mirno je i nema nikakvih okupljanja, a preventivno je prisutna i policija na raznim lokacijama, javlja reporter Tanjuga sa lica mesta.<\/p>\n","protected":false},"author":2,"featured_media":0,"comment_status":"open","ping_status":"closed","sticky":false,"template":"","format":"standard","meta":{"footnotes":""},"categories":[],"tags":[],"_links":{"self":[{"href":"https:\/\/srcekrajine.org\/index.php?rest_route=\/wp\/v2\/posts\/1230"}],"collection":[{"href":"https:\/\/srcekrajine.org\/index.php?rest_route=\/wp\/v2\/posts"}],"about":[{"href":"https:\/\/srcekrajine.org\/index.php?rest_route=\/wp\/v2\/types\/post"}],"author":[{"embeddable":true,"href":"https:\/\/srcekrajine.org\/index.php?rest_route=\/wp\/v2\/users\/2"}],"replies":[{"embeddable":true,"href":"https:\/\/srcekrajine.org\/index.php?rest_route=%2Fwp%2Fv2%2Fcomments&post=1230"}],"version-history":[{"count":1,"href":"https:\/\/srcekrajine.org\/index.php?rest_route=\/wp\/v2\/posts\/1230\/revisions"}],"predecessor-version":[{"id":1231,"href":"https:\/\/srcekrajine.org\/index.php?rest_route=\/wp\/v2\/posts\/1230\/revisions\/1231"}],"wp:attachment":[{"href":"https:\/\/srcekrajine.org\/index.php?rest_route=%2Fwp%2Fv2%2Fmedia&parent=1230"}],"wp:term":[{"taxonomy":"category","embeddable":true,"href":"https:\/\/srcekrajine.org\/index.php?rest_route=%2Fwp%2Fv2%2Fcategories&post=1230"},{"taxonomy":"post_tag","embeddable":true,"href":"https:\/\/srcekrajine.org\/index.php?rest_route=%2Fwp%2Fv2%2Ftags&post=1230"}],"curies":[{"name":"wp","href":"https:\/\/api.w.org\/{rel}","templated":true}]}}