{"id":1239,"date":"2013-10-01T10:17:03","date_gmt":"2013-10-01T08:17:03","guid":{"rendered":"https:\/\/srcekrajine.org\/?p=1239"},"modified":"2013-10-01T10:17:03","modified_gmt":"2013-10-01T08:17:03","slug":"protiv-gmotacno-pre-113-godina","status":"publish","type":"post","link":"https:\/\/srcekrajine.org\/?p=1239","title":{"rendered":"PROTIV GMO:ta\u010dno pre 113 godina"},"content":{"rendered":"<p>Genije iz Smiljana je 1938, registrovao i za\u0161titio robnu marku Factor auctus. U\u010dinio je to po\u0161to je do detalja razradio sastav sme\u0161e za ishranu \u017eivine i golubova, prirodne hrane koju je dobio \u201erevolucionarnim postupkom&#8220;<\/p>\n<figure><a title=\"Genije iz Smiljana: NIkola Tesla\" href=\"http:\/\/images3.kurir-info.rs\/slika-900x608\/nikola-tesla-snimanje-filma-film-tesla-gospodar-sveta-vladimir-rajcic-predra-1371254072-325631.jpg\"> <img decoding=\"async\" alt=\"Nikola Tesla, snimanje filma, film Tesla gospodar sveta, Vladimir Raj\u010di\u0107, Predra\" src=\"http:\/\/images3.kurir-info.rs\/slika-620x419\/nikola-tesla-snimanje-filma-film-tesla-gospodar-sveta-vladimir-rajcic-predra-1371254072-325631.jpg\" \/> <\/a><figcaption>\n<p>NIkola Tesla<!--more--><\/p>\n<\/figcaption><\/figure>\n<p>Bivaju\u0107i svestan da rast svetske populacije postavlja problem prehranjivanja planete, <strong>Nikola Tesla je jo\u0161 na po\u010detku 20 veka razmi\u0161ljao kako da se nauka\u00a0 uklju\u010di u proizvodnju hrane<\/strong>! O tome je govorio 1900, ta\u010dno pre 113 godina i ve\u0107 tada je digao glas protiv proizvodnje ve\u0161ta\u010dke hrane.<br \/>\n\u201eHiljadu drugih zala mo\u017eemo pomenuti, ali sva ona zajedno\u2026 nisu ravna jednom jedinom: nedostatku hrane, koji donosi bedu, glad i osiroma\u0161enje.\u201d Ove re\u010di Nikola Tesla je napisao u svom slavnom eseju \u201eProblem pove\u0107anja ljudske energije\u201d, koji je objavio u junu 1900. godine. Sto godina kasnije, 8. septem\u00acbra 2000. godine, Ujedinjene nacije su usvojile Milenijumsku deklaraciju i u njoj definisale osam razvojnih ciljeva koje treba ostvariti do 2015. godine, pri \u010demu je kao prvi cilj definisano iskorenjivanje ekstremnog siroma\u0161tva i gladi.<\/p>\n<p><strong>Nedostatak zdrave hrane<\/strong><\/p>\n<p>Statistike govore da je siroma\u0161tvo prepolovljeno u odnosu na 1990. i da su razmere gladi smanjene, mada je danas u svetu oko 900 miliona gladnih ljudi. Ovaj napredak u\u010dinjen je zdru\u017eenim snagama dr\u017eava \u010dlanica UN i njenih organizacija, brojnih korporacija i filantropskih akcija, u kojima su u\u010destvovali i neki od najbogatijih pojedinaca planete.<br \/>\nGenije iz Smiljana nije mislio \u201ena apsolutni nedostatak hrane, ve\u0107 samo na nedostatak zdrave hrane\u201d, \u201edobre i obilne hrane\u201d, tako\u0111e i \u010diste pija\u0107e vode, za koju je smatrao da se mo\u017ee dobiti pomo\u0107u usavr\u0161enih elektri\u010dnih ure\u0111aja koji bi jeftino proizvodili ozon \u201ekao idealni dezinfektant\u201d. Zato je ve\u0107 1900. digao glas protiv \u201eproizvodnje ve\u0161ta\u010dke hrane\u201d, po\u0161to ljudski rod predstavlja \u201erezultat stalne vekovne adaptacije i ne mo\u017eemo se radikalno promeniti bez nepredvidljivih i verovatno katastrofalnih posledica\u201d koje bi doneo \u201enesiguran eksperiment\u201d s proizvodnjom ve\u0161ta\u010dke hrane, zbog \u010dega ga \u201ene treba ni poku\u0161avati\u201d.<\/p>\n<p><strong>Ugrozio interes kapitalista<\/strong><\/p>\n<p>Zato se zalagao, na prvom mestu, za pove\u0107anje plodnosti obradivog zemlji\u0161ta i \u010duvanje \u0161uma, po\u0161to \u201ezemlja ne mo\u017ee beskrajno da daje \u017eivot\u201d, te je tra\u017eio \u201ena\u010din da joj se dodaju supstance koje od nje uzimaju biljke\u201d. Mislio je na jedinjenja azota, koja iz na\u0161e atmosfere treba da \u201eoksidi\u0161emo i proizvedemo\u201d. Re\u0161enje je video u kori\u0161\u0107enju svojih struja veoma visoke frekvencije u proizvodnji atmosferskih elektri\u010dnih pra\u017enjenja, u \u0161ta se uverio tokom tajnih eksperimenata u Kolorado Springsu 1899. godine.<\/p>\n<p>Stvari su oti\u0161le u drugom smeru iz niza razloga, pri \u010demu su interesi korporacijskog kapitala imali va\u017enu, mogu\u0107e i presudnu ulogu. Teslu to nije obeshrabrilo, nastavio je istra\u017eivanja u oblasti zdrave, dobre i obilne hrane. Kona\u010dno je, 23. juna 1938, registrovao i za\u0161titio robnu marku \u201e<\/p>\n<div id=\"figure_374029\"><a title=\"Factor auctus\" href=\"http:\/\/images2.kurir-info.rs\/slika-900x608\/factor-auctus-nikola-tesla-1380572644-374029.jpg\"> <img decoding=\"async\" alt=\"Factor auctus\" src=\"http:\/\/images2.kurir-info.rs\/slika-620x419\/factor-auctus-nikola-tesla-1380572644-374029.jpg\" \/> <\/a> <strong> <strong> <\/strong><\/strong><\/div>\n<div><\/div>\n<p>\u201d (\u201eFaktor rasta\u201d). U\u010dinio je to po\u0161to je do detalja razradio sastav sme\u0161e za ishranu \u017eivine i golubova, prirodne hrane koju je dobio \u201erevolucionarnim postupkom\u201d, kako je to naveo u jednom tekstu. Tesla nije komercijalizovao ovu originalnu recepturu, mada je dizajnirao i originalnu kutiju za pakovanje tog proizvoda, koji je o\u010dito imao da doprinese smanjenju \u201ezla gladi\u201d.<\/p>\n<p>Dokumentacija o \u201eFaktoru rasta\u201d \u010duva se u Muzeju Nikole Tesle (MNT) u Beogradu, u kome su pro\u0161le nedelje predstavljeni rezultati prvih, jednogodi\u0161njih istra\u017eivanja tog preparata, sagledanog i iz ugla novih nau\u010dnih spoznaja.<\/p>\n","protected":false},"excerpt":{"rendered":"<p>Genije iz Smiljana je 1938, registrovao i za\u0161titio robnu marku Factor auctus. U\u010dinio je to po\u0161to je do detalja razradio sastav sme\u0161e za ishranu \u017eivine i golubova, prirodne hrane koju je dobio \u201erevolucionarnim postupkom&#8220; NIkola Tesla<\/p>\n","protected":false},"author":2,"featured_media":0,"comment_status":"open","ping_status":"closed","sticky":false,"template":"","format":"standard","meta":{"footnotes":""},"categories":[],"tags":[],"_links":{"self":[{"href":"https:\/\/srcekrajine.org\/index.php?rest_route=\/wp\/v2\/posts\/1239"}],"collection":[{"href":"https:\/\/srcekrajine.org\/index.php?rest_route=\/wp\/v2\/posts"}],"about":[{"href":"https:\/\/srcekrajine.org\/index.php?rest_route=\/wp\/v2\/types\/post"}],"author":[{"embeddable":true,"href":"https:\/\/srcekrajine.org\/index.php?rest_route=\/wp\/v2\/users\/2"}],"replies":[{"embeddable":true,"href":"https:\/\/srcekrajine.org\/index.php?rest_route=%2Fwp%2Fv2%2Fcomments&post=1239"}],"version-history":[{"count":1,"href":"https:\/\/srcekrajine.org\/index.php?rest_route=\/wp\/v2\/posts\/1239\/revisions"}],"predecessor-version":[{"id":1240,"href":"https:\/\/srcekrajine.org\/index.php?rest_route=\/wp\/v2\/posts\/1239\/revisions\/1240"}],"wp:attachment":[{"href":"https:\/\/srcekrajine.org\/index.php?rest_route=%2Fwp%2Fv2%2Fmedia&parent=1239"}],"wp:term":[{"taxonomy":"category","embeddable":true,"href":"https:\/\/srcekrajine.org\/index.php?rest_route=%2Fwp%2Fv2%2Fcategories&post=1239"},{"taxonomy":"post_tag","embeddable":true,"href":"https:\/\/srcekrajine.org\/index.php?rest_route=%2Fwp%2Fv2%2Ftags&post=1239"}],"curies":[{"name":"wp","href":"https:\/\/api.w.org\/{rel}","templated":true}]}}