{"id":1265,"date":"2013-10-17T18:14:12","date_gmt":"2013-10-17T16:14:12","guid":{"rendered":"https:\/\/srcekrajine.org\/?p=1265"},"modified":"2013-10-17T18:15:59","modified_gmt":"2013-10-17T16:15:59","slug":"josipovic-nema-dobre-namjere-prema-srbima-iz-hrvatske","status":"publish","type":"post","link":"https:\/\/srcekrajine.org\/?p=1265","title":{"rendered":"Josipovi\u0107 nema dobre namjere prema Srbima iz Hrvatske"},"content":{"rendered":"<div><img decoding=\"async\" title=\"Savo \u0160trbac\" alt=\"Savo \u0160trbac\" src=\"http:\/\/static.politika.co.rs\/uploads\/pogledi\/c_730\/0\/Untitled-1.jpg\" \/><\/div>\n<p><em><strong>BEOGRAD <\/strong><\/em>\u2013 Direktor Dokumentaciono-informacionog centra \u201cVeritas\u201d Savo \u0160trbac izjavio je Srni da hrvatski predsjednik Ivo Josipovi\u0107 nema dobre namjere prema Srbima iz Hrvatske i da zato ne o\u010dekuje mnogo od njegovog sutra\u0161njeg susreta sa predsjednikom Srbije Tomislavom Nikoli\u0107em.<br \/>\n<!--more--><br \/>\n\u0160trbac je rekao da Josipovi\u0107, koji je ove godine pozvao Srbe na proslavu \u201cOluje\u201d, o\u010digledno ima fine manire, ali ne i dobre namjere prema Srbima iz Hrvatske.<\/p>\n<p>On je istakao da je \u010dinjenica da Nikoli\u0107 i Josipovi\u0107 nemaju velika ovla\u0161tenja da rje\u0161avaju ogromne probleme koje optere\u0107uju odnose dvije zemlje, te da nije siguran da bi hrvatski predsjednik povukao konkretne poteze i da ih ima.<\/p>\n<p>\u201cKada je Josipovi\u0107 izabran za predsjednika, rekao sam da je on gospodin finih manira sa kojim Srbi iz Hrvatske ne\u0107e daleko dogurati. Kada znamo da je imao direktno u\u010de\u0161\u0107e u pozivu Srba da prisustvuju proslavi akcije `Oluja` u kojoj je prognano 220.000 kraji\u0161kih Srba, onda je to pomalo i morbidno\u201d, ocijenio je \u0160trbac.<\/p>\n<p>On je naglasio da se tokom dvogodi\u0161njeg mandata Josipovi\u0107a Srbima u Hrvatskoj desilo mnogo vi\u0161e negativnih, nego pozitivnih stvari.<\/p>\n<p>\u201cDanas imamo problem sa \u0107irilicom, ne samo u Vukovaru, nego u cijeloj Hrvatskoj, \u0161to nije dobro\u201d, rekao je \u0160trbac.<\/p>\n<p>On je upozorio da slu\u010daj najnovijeg hap\u0161enja Srbina Marka Cerevi\u0107a na Kordunu zbog navodnih ratnih zlo\u010dina, iako nije bio na spisku od 1.577 osumnji\u010denih, koji je Hrvatska u julu dostavila Srbiji, baca sumnju u dobre namjere, ali i na susret dva predsjednika sutra u Beogradu.<\/p>\n<p>&nbsp;<\/p>\n<p>Nezavisne novine, 15.10.2013.<\/p>\n","protected":false},"excerpt":{"rendered":"<p>BEOGRAD \u2013 Direktor Dokumentaciono-informacionog centra \u201cVeritas\u201d Savo \u0160trbac izjavio je Srni da hrvatski predsjednik Ivo Josipovi\u0107 nema dobre namjere prema Srbima iz Hrvatske i da zato ne o\u010dekuje mnogo od njegovog sutra\u0161njeg susreta sa predsjednikom Srbije Tomislavom Nikoli\u0107em.<\/p>\n","protected":false},"author":2,"featured_media":0,"comment_status":"open","ping_status":"closed","sticky":false,"template":"","format":"standard","meta":{"footnotes":""},"categories":[],"tags":[],"_links":{"self":[{"href":"https:\/\/srcekrajine.org\/index.php?rest_route=\/wp\/v2\/posts\/1265"}],"collection":[{"href":"https:\/\/srcekrajine.org\/index.php?rest_route=\/wp\/v2\/posts"}],"about":[{"href":"https:\/\/srcekrajine.org\/index.php?rest_route=\/wp\/v2\/types\/post"}],"author":[{"embeddable":true,"href":"https:\/\/srcekrajine.org\/index.php?rest_route=\/wp\/v2\/users\/2"}],"replies":[{"embeddable":true,"href":"https:\/\/srcekrajine.org\/index.php?rest_route=%2Fwp%2Fv2%2Fcomments&post=1265"}],"version-history":[{"count":3,"href":"https:\/\/srcekrajine.org\/index.php?rest_route=\/wp\/v2\/posts\/1265\/revisions"}],"predecessor-version":[{"id":1268,"href":"https:\/\/srcekrajine.org\/index.php?rest_route=\/wp\/v2\/posts\/1265\/revisions\/1268"}],"wp:attachment":[{"href":"https:\/\/srcekrajine.org\/index.php?rest_route=%2Fwp%2Fv2%2Fmedia&parent=1265"}],"wp:term":[{"taxonomy":"category","embeddable":true,"href":"https:\/\/srcekrajine.org\/index.php?rest_route=%2Fwp%2Fv2%2Fcategories&post=1265"},{"taxonomy":"post_tag","embeddable":true,"href":"https:\/\/srcekrajine.org\/index.php?rest_route=%2Fwp%2Fv2%2Ftags&post=1265"}],"curies":[{"name":"wp","href":"https:\/\/api.w.org\/{rel}","templated":true}]}}