{"id":1285,"date":"2013-10-24T08:50:43","date_gmt":"2013-10-24T06:50:43","guid":{"rendered":"https:\/\/srcekrajine.org\/?p=1285"},"modified":"2013-10-24T08:56:30","modified_gmt":"2013-10-24T06:56:30","slug":"i-partizani-na-sahrani-jovanke-broz","status":"publish","type":"post","link":"https:\/\/srcekrajine.org\/?p=1285","title":{"rendered":"I partizani na sahrani Jovanke Broz"},"content":{"rendered":"<div><\/div>\n<div><a href=\"http:\/\/novosti.rs\/upload\/images\/2013\/\/10\/22n\/rep%202010-2013-02.jpg\"><img decoding=\"async\" alt=\" Ku\u0107a cve\u0107a\" src=\"http:\/\/novosti.rs\/upload\/thumbs\/images\/2013\/\/10\/22n\/rep%202010-2013-02_620x0.jpg\" \/><\/a><\/div>\n<p><span>KOV\u010cEG sa telom Jovanke Broz od subote ujutro, pred sahranu koja je zakazana za podne, bi\u0107e izlo\u017een ispred Ku\u0107e cve\u0107a, i pored njega \u0107e pripadnici Vojske Srbije dr\u017eati stra\u017eu. Ovo je odlu\u010dio Organizacioni odbor za sahranu nekada\u0161nje prve dame SFRJ, koji je formirala Vlada.<\/span><\/p>\n<div><!--more--><\/div>\n<p><span>Ulaz kroz glavnu kapiju nekada\u0161nje Titove zimske ba\u0161te, koja se nalazi tik uz Muzej istorije Jugoslavije, na Dedinju, bi\u0107e prvo otvoren za novinare u <\/span><span>10:30<\/span><span>, a potom i za \u010dlanove Vlade i porodice u 11 sati. Nakon toga, mo\u0107i \u0107e da u\u0111u i svi zainteresovani gra\u0111ani i predstavnici stranih delegacija, obja\u0161njavaju u Odboru.<\/span><\/p>\n<p><span>Ta\u010dno u podne, kraj odra \u0107e odr\u017eati posmrtne govore premijer Ivica Da\u010di\u0107, Jovankin sestri\u0107 Goran Aleksi\u0107 i predsednik SUBNOR-a prof. dr Miodrag Ze\u010devi\u0107. Zatim \u0107e, u krugu porodice i predstavnika Vlade, telo prve dame biti uneto u Ku\u0107u cve\u0107a, gde \u0107e biti sam \u010din ukopa. Kasnije \u0107e gra\u0111anima i stranim delegacijama biti omogu\u0107eno da pro\u0111u u mimohodu i odaju po\u010dast udovici do\u017eivotnog jugoslovenskog predsednika. Po\u010dasnu stra\u017eu kraj groba dr\u017ea\u0107e njeni saborci, borci \u010duvene \u0160este li\u010dke divizije, dokle budu mogli da izdr\u017ee.<\/span><\/p>\n<p><span>Milan Surla, potpredsednik Sekcije \u0160este li\u010dke brigade, potvr\u0111uje da \u0107e zajedno sa Sekcijom Gardijske brigade Tre\u0107eg bataljona Vrhovnog \u0161taba, organizovati po\u010dasnu stra\u017eu kraj kov\u010dega saborca Jovanke Broz:<\/span><\/p>\n<div><b><\/b><span>&#8211; \u017delimo da se tako oprostimo od Jovanke. Ra\u010dunaju\u0107i na\u0161u snagu i zdravlje, bi\u0107e nas oko 25 boraca, potomaka i po\u0161tovalaca. Ve\u0107 smo sve obavestili, i ostalo je jo\u0161 da se dogovorimo oko nekih detalja. Od te grupe formira\u0107emo po\u010dasnu stra\u017eu blizu kov\u010dega sa Jovankinim posmrtnim ostacima. Svi \u0107emo do\u0107i sa ratnim odlikovanjima.<\/span><\/div>\n<p><span>Branko Gaji\u0107, iz Sekcije Gardijske brigade i prate\u0107eg bataljona, celo popodne je u sredu bio \u201ena vezi\u201c sa borcima NOR i njihovim potomcima:<\/span><\/p>\n<p><span>&#8211; Iz na\u0161e brigade po\u010dasnu stra\u017eu dr\u017ea\u0107e 10 ljudi. Sada se presabiramo ko je kakvog zdravlja i ko mo\u017ee da izdr\u017ei da stoji kraj Jovankinog kov\u010dega. Profesor dr Miodrag Ze\u010devi\u0107, predsednik SUBNOR-a, koji \u0107e se u subotu u Ku\u0107i cve\u0107a, u ime boraca oprostiti od Jovanke Broz, ka\u017ee da jo\u0161 nije pripremio govor:<\/span><\/p>\n<p><span>&#8211; Vezivalo nas je to odakle smo potekli, dela koja smo stvorili, ideje kojima smo stremili, i koje \u0107emo mi koji ostajemo \u010duvati. U subotu, mi treba da se oprostimo od \u010doveka, prijatelja, saborca, ali i ona verovatno treba da oprosti nama za sve \u0161to joj se desilo.<\/span><\/p>\n<p><span>Toga dana, u Ku\u0107i cve\u0107a bi\u0107e otvorena i knjiga \u017ealosti.<\/span><\/p>\n<p><span>U ime porodice, samom \u010dinu pokopa prisustvova\u0107e Jovankine sestre Nada i Zora, sa sinovima Goranom i Zoranom, kao i Titovi unuci Zlatica i Jo\u0161ka Broz.<\/span><\/p>\n<p><span>&#8211; Ispred Ku\u0107e cve\u0107a po\u010dast \u0107e do\u0107i da odaju i predstavnici svih komiteta Komunisti\u010dke partije. Do\u0107i \u0107e autobusima iz Novog Sada, Subotice, Ni\u0161a i drugih gradova \u0161irom Srbije. U kontaktu smo i sa predstavnicima Titoslavije iz Rijeke, Titovim levim snagama Makedonije i Ve\u0107em antifa\u0161ista iz BiH, i znamo da \u0107e i oni do\u0107i organizovano, autobusima &#8211; ka\u017ee Jo\u0161ka Broz, lider Komunisti\u010dke partije.<\/span><\/p>\n<p><span>Kako nam je potvr\u0111eno u Organizacionom odboru, ve\u0107 su se najavile i delegacije iz Slovenije, koje \u0107e doputovati u Beograd u \u010detiri autobusa, kao i dva autobusa uglavnom nekada\u0161njih boraca i starih komunista iz Crne Gore.<\/span><\/p>\n<p><b>SLADOLED U \u201cMERCEDESU\u201c <\/b>UDOVICA do\u017eivotnog predsednika SFRJ poslednji put vi\u0111ena je u avgustu 2007. godien. Tada je objavljena njena fotografija kako je u \u201emercedesu\u201c kabrioletu vozi njen dugogodi\u0161nji prijatelj, voza\u010d Rade. Svratili su do poslasti\u010darnice, i u automobilu sa\u010dekali da im prodava\u010dica donese sladoled u kornetu. Ina\u010de, dve godine pre toga prestala je da odlazi redovno na Titov grob na godi\u0161njicu njegove smrti.<\/p>\n<div><img decoding=\"async\" alt=\"\" src=\"http:\/\/novosti.rs\/upload\/images\/2013\/\/10\/23n\/dru-jovanka-mala.jpg\" \/><\/div>\n<p><span>Ispred Ku\u0107e cve\u0107a u sredu, ina\u010de, nije bilo gra\u0111ana, ali su mnogi zvali upravu Muzeja istorije Jugoslavije da se raspitaju o detaljima sahrane i protokolu. Kod glavnog ulaza de\u017eurala je policija, a i pripadnici Vojske obi\u0161li su mesto da bi videli gde \u0107e dr\u017eati po\u010dasnu stra\u017eu, gde \u0107e stajati vojni orkeastar i odakle \u0107e biti ispaljen po\u010dasni plotun. Radovi na Jovankinoj grobnici su skroz zavr\u0161eni i sve je ve\u0107 spremno za pogrebnu ceremoniju.<\/span><\/p>\n<p><span>Poslednju po\u010dast Brozovoj udovici oda\u0107e i njen dugogodi\u0161nji advokat Toma Fila, zahvaljuju\u0107i kome se izborila da spiskovi sa njenom i Titovom imovinom iz Muzeja istorije Jugoslavije i Arhiva Srbije stignu do suda.<\/span><\/p>\n<p><span>&#8211; Jovanku sam poslednji put video 2010. godine, kada sam do\u0161ao da joj ka\u017eem da mi vi\u0161e ne daju da je zastupam, jer sam, kao savetnik u Vladi, u sukobu interesa &#8211; ka\u017ee Fila, i dodaje da je on ponudio pomo\u0107 kolega iz svoje kancelarije, ali je prva dama to odbila. &#8211; Bila je vrhunska doma\u0107ica, uvek bi me li\u010dno poslu\u017eila sokom ili viskijem. I ja sam bio dobar gost, odneo bih joj cve\u0107e ili neki poklon, parfem&#8230;<\/span><\/p>\n<div><b><\/b><span>Fila ka\u017ee da su uglavnom pri\u010dali o stvarima vezanim za pravo i ostavinsku raspravu iza smrti njenog mu\u017ea:<\/span><\/div>\n<p><span>&#8211; Bila je divna \u017eena, nijedan dr\u017eavnik na svetu nije imao lep\u0161u suprugu. Sama je brinula i o svom i o Titovom izgledu. Potpuno me je fascinirala kao \u017eena heroj. Pro\u0161la je kroz rat sa dva ordena, spasla je sestre iz siroti\u0161ta, i iako mlada, odgajila ih je i i\u0161kolovala. Volela je Tita do kraja \u017eivota i nikada ru\u017enu re\u010d o njemu nije rekla.<\/span><\/p>\n<p><span>Ali zato je bila ljuta \u0161to su je sklonili od njega, i \u0161to su iz bezbednosnih slu\u017ebi \u0161irili glasine da je spremala dr\u017eavni udar. Fila ka\u017ee da je ipak hrabro pro\u0161la kroz sve to, ba\u0161 kao \u0161to je hrabro pre toga pro\u0161la kroz rat, a posle toga kroz izolaciju. Rado je pri\u010dala o svojim putovanjima i odli\u010dno je poznavala geopoliti\u010dku situaciju u svetu.<\/span><\/p>\n<p><span>&#8211; Ponosan sam \u0161to sam je poznavao &#8211; ka\u017ee Fila.<\/span><\/p>\n<p><b>TRA\u017dILA KUSTURICU<\/b><em> PRVA dama SFRJ volela je do kraja da \u010dita i novine i knjige. Svakog dana kroz otvor na kapiji stizao joj je komplet dnevne \u0161tampe, a knjige su joj donosili ro\u0111aci i prijatelji koji su je obilazili. Tako je jednom Rasimu Ljaji\u0107u rekla da bi volela da pro\u010dita \u201eSmrt je neprovjerena glasina\u201c Emira Kusturice, u izdanju kompanije \u201eNovosti\u201c. Ljaji\u0107 joj je vrlo brzo odneo knjigu na poklon.<\/em><\/p>\n<p><b>\u00a0<\/b><\/p>\n<p><b><span>PO\u010cASNI PLOTUN<\/span><\/b><\/p>\n<p><span>VOJNE po\u010dasti uz koje \u0107e biti sahranjena Jovanka Broz podrazumevaju u\u010de\u0161\u0107e Vojske Srbije u ceremoniji sahrane. Stra\u017eu pored njenog odra dr\u017ea\u0107e gardisti Vojske Srbije koji \u0107e biti zadu\u017eeni i za polaganje venaca dr\u017eavnih delegacija, kao i za de\u017eurstvo pored jastuka sa njenim odlikovanjima. \u010cinu spu\u0161tanja u grob prethodi\u0107e po\u010dasni plotun, koji \u0107e u znak opra\u0161tanja sa pokojnicom koja je imala oficirski \u010din, ispaliti vod gardista obu\u010denih u obi\u010dne maskirne uniforme sa \u0161lemovima. \u010cin ukopa bi\u0107e obavljen uz tradicionalni posmrtni mar\u0161 koji \u0107e izvesti vojni orkestar.<\/span><\/p>\n","protected":false},"excerpt":{"rendered":"<p>KOV\u010cEG sa telom Jovanke Broz od subote ujutro, pred sahranu koja je zakazana za podne, bi\u0107e izlo\u017een ispred Ku\u0107e cve\u0107a, i pored njega \u0107e pripadnici Vojske Srbije dr\u017eati stra\u017eu. Ovo je odlu\u010dio Organizacioni odbor za sahranu nekada\u0161nje prve dame SFRJ, koji je formirala Vlada.<\/p>\n","protected":false},"author":2,"featured_media":0,"comment_status":"open","ping_status":"closed","sticky":false,"template":"","format":"standard","meta":{"footnotes":""},"categories":[],"tags":[],"_links":{"self":[{"href":"https:\/\/srcekrajine.org\/index.php?rest_route=\/wp\/v2\/posts\/1285"}],"collection":[{"href":"https:\/\/srcekrajine.org\/index.php?rest_route=\/wp\/v2\/posts"}],"about":[{"href":"https:\/\/srcekrajine.org\/index.php?rest_route=\/wp\/v2\/types\/post"}],"author":[{"embeddable":true,"href":"https:\/\/srcekrajine.org\/index.php?rest_route=\/wp\/v2\/users\/2"}],"replies":[{"embeddable":true,"href":"https:\/\/srcekrajine.org\/index.php?rest_route=%2Fwp%2Fv2%2Fcomments&post=1285"}],"version-history":[{"count":4,"href":"https:\/\/srcekrajine.org\/index.php?rest_route=\/wp\/v2\/posts\/1285\/revisions"}],"predecessor-version":[{"id":1289,"href":"https:\/\/srcekrajine.org\/index.php?rest_route=\/wp\/v2\/posts\/1285\/revisions\/1289"}],"wp:attachment":[{"href":"https:\/\/srcekrajine.org\/index.php?rest_route=%2Fwp%2Fv2%2Fmedia&parent=1285"}],"wp:term":[{"taxonomy":"category","embeddable":true,"href":"https:\/\/srcekrajine.org\/index.php?rest_route=%2Fwp%2Fv2%2Fcategories&post=1285"},{"taxonomy":"post_tag","embeddable":true,"href":"https:\/\/srcekrajine.org\/index.php?rest_route=%2Fwp%2Fv2%2Ftags&post=1285"}],"curies":[{"name":"wp","href":"https:\/\/api.w.org\/{rel}","templated":true}]}}