{"id":1325,"date":"2013-11-02T15:06:21","date_gmt":"2013-11-02T14:06:21","guid":{"rendered":"https:\/\/srcekrajine.org\/?p=1325"},"modified":"2013-11-02T15:06:21","modified_gmt":"2013-11-02T14:06:21","slug":"i-ovo-ce-proci","status":"publish","type":"post","link":"https:\/\/srcekrajine.org\/?p=1325","title":{"rendered":"I ovo \u0107e pro\u0107i"},"content":{"rendered":"<div>25. oktobar 2013 &#8211; Ratko Dmitrovi\u0107<\/div>\n<div><a href=\"http:\/\/novosti.rs\/upload\/images\/2013\/\/10\/25n\/pol-Ratko.jpg\"><img decoding=\"async\" alt=\" Ratko DMITROVI\u0106\" src=\"http:\/\/novosti.rs\/upload\/thumbs\/images\/2013\/\/10\/25n\/pol-Ratko_620x0.jpg\" \/><\/a><\/div>\n<p><span>PREDAJU li Srbi zauvek Kosovo i Metohiju drugoj novostvorenoj albanskoj dr\u017eavi, ako iza\u0111u na nedeljne izbore? Ako ne iza\u0111u, zadr\u017eavaju li \u0161ansu da jednom, u bliskoj ili dalekoj budu\u0107nosti, vrate nacionalnu kolevku?<\/span><\/p>\n<div><span>Nema \u010dvrstih, kona\u010dnih odgovora na ova pitanja. Vreme se opipati ne mo\u017ee, ni izmeriti. Kalendari su tu samo zbog rasporeda \u010dovekovih obaveza, planiranja \u017eivota.<!--more--><\/span><\/div>\n<p><span>Ono \u0161to nas \u010deka zavisi, istina, od onoga \u0161to smo \u010dinili i \u010dinimo, ali istorija u\u010di da su i najneverovatniji obrti mogu\u0107i, i kod naroda i kod dr\u017eava. Do\u0111u pa nestanu, bude pa je nema.<\/span><\/p>\n<p><span>Srbi su \u0161ampioni u izgubljenim istorijskim \u0161ansama; gde god je bilo mogu\u0107e da izaberu lo\u0161ije re\u0161enje, oni su tu priliku iskoristili, od Nemanji\u0107a do dana\u0161njih dana. Sa vekovima negovanim ose\u0107ajem da su nekada bili veliki, silan narod, danas malobrojni, slaba\u0161ni, prokazani, Srbi su u novijoj istoriji glavom udarali tamo gde drugi nisu hteli ni budakom. Ili su na sopstvenu \u0161tetu donosili odluke debelim ogradama razdvojene od zdravog razuma. Evo Kosova za primer.<\/span><\/p>\n<p><span>Okupacione snage za vreme Dugog svetskog rata proteruju sa Kosova i Metohije izme\u0111u 150.000 i 200.000 Srba. Uz dvadesetak hiljada ubijenih. Na njihova imanja naseljavaju se desetine hiljada Albanaca iz Albanije. Ni\u0161ta \u010dudno, neprijatelj se u ratu pona\u0161a tako da vam nanese najve\u0107u mogu\u0107u \u0161tetu. Neprijatelja razume\u0161, ali kako razumeti oslobodioce koji se pona\u0161aju identi\u010dno?<\/span><\/p>\n<p><span>U martu 1945. godine u oslobo\u0111enom (od Nemaca) Beogradu donet je zakon, potpisuje ga pop Vlada Ze\u010devi\u0107, o zabrani povratka na Kosovo i Metohiju proteranih Srba i Crnogoraca.<\/span><\/p>\n<p><span>U novoj Jugoslaviji, komunisti\u010dkoj, Kosovo, skupa sa Vojvodinom, dobija status autonomne pokrajine. Godine 1959. srpski komunisti najpre pripajaju Leposavi\u0107 sa okolinom (200 kilometara kvadratnih) administrativnoj upravi Kosovske Mitrovice, a nekoliko godina kasnije &#8211; nije im bilo dosta &#8211; otkupljuju srpska imanja i gazdinstva po Metohiji, iseljavaju 35.000 Srba sa tog prostora i na njihova mesta naseljavaju strance, opet iz Albanije.<\/span><\/p>\n<p><span>Svesni da im nedostaje samo formalnost, u sadr\u017eajnom smislu dr\u017eavu su imali, Albanci Kosova i Metohije izlaze po\u010detkom osamdesetih na ulice i tra\u017ee priznanje te dr\u017eave. Da bude u statusu Slovenije, Hrvatske&#8230; <\/span><\/p>\n<p><span>Znali su kakva vremena dolaze. Milo\u0161evi\u0107 ukida elemente dr\u017eavnosti Kosovu i Vojvodini, ali ne uspeva, ne zna, da odgovori na nove izazove. Albanci se masovno naoru\u017eavaju, prazne\u0107i vojne magacine u susednoj Albaniji (uneto je na KiM oko 250.000 dugih cevi), \u0161irom Kosova i Metohije kopaju rovove, prave grudobrane, zemunice, osmatra\u010dnice, javno se pripremaju za rat. Milo\u0161evi\u0107 ni\u0161ta ne preduzima. Njegovi poltroni, u otvorenoj trgovini sa Albancima, kr\u010dme sve \u0161to mo\u017ee da se unov\u010di, bogate se preko no\u0107i. I kona\u010dno po\u010dinje \u0161iptarski oru\u017eani ustanak protiv dr\u017eave Srbije.<\/span><\/p>\n<p><span>Ta pobuna odvija se u atmosferi do tada nevi\u0111enoj u svetu: Albanci imaju svoje televizijske kanale, bezbroj radio-stanica, dnevne i periodi\u010dne listove, a slu\u017ebenom Beogradu za to vreme ne pada na pamet da im, na primer, isklju\u010di struju. Onda su doleteli bombarderi NATO.<\/span><\/p>\n<p><span>Ako smo skloni preciznim i kona\u010dnim zaklju\u010dcima, nije odgorega da imamo na umu onu latinsku: Sve do\u0111e i pro\u0111e, samo mena ve\u010dna jeste. Ili, \u0161to bi rekli Srbi: I ovo \u0107e pro\u0107i. <\/span><\/p>\n","protected":false},"excerpt":{"rendered":"<p>25. oktobar 2013 &#8211; Ratko Dmitrovi\u0107 PREDAJU li Srbi zauvek Kosovo i Metohiju drugoj novostvorenoj albanskoj dr\u017eavi, ako iza\u0111u na nedeljne izbore? Ako ne iza\u0111u, zadr\u017eavaju li \u0161ansu da jednom, u bliskoj ili dalekoj budu\u0107nosti, vrate nacionalnu kolevku? Nema \u010dvrstih, kona\u010dnih odgovora na ova pitanja. Vreme se opipati ne mo\u017ee, ni izmeriti. Kalendari su tu [&hellip;]<\/p>\n","protected":false},"author":2,"featured_media":0,"comment_status":"open","ping_status":"closed","sticky":false,"template":"","format":"standard","meta":{"footnotes":""},"categories":[],"tags":[],"_links":{"self":[{"href":"https:\/\/srcekrajine.org\/index.php?rest_route=\/wp\/v2\/posts\/1325"}],"collection":[{"href":"https:\/\/srcekrajine.org\/index.php?rest_route=\/wp\/v2\/posts"}],"about":[{"href":"https:\/\/srcekrajine.org\/index.php?rest_route=\/wp\/v2\/types\/post"}],"author":[{"embeddable":true,"href":"https:\/\/srcekrajine.org\/index.php?rest_route=\/wp\/v2\/users\/2"}],"replies":[{"embeddable":true,"href":"https:\/\/srcekrajine.org\/index.php?rest_route=%2Fwp%2Fv2%2Fcomments&post=1325"}],"version-history":[{"count":1,"href":"https:\/\/srcekrajine.org\/index.php?rest_route=\/wp\/v2\/posts\/1325\/revisions"}],"predecessor-version":[{"id":1326,"href":"https:\/\/srcekrajine.org\/index.php?rest_route=\/wp\/v2\/posts\/1325\/revisions\/1326"}],"wp:attachment":[{"href":"https:\/\/srcekrajine.org\/index.php?rest_route=%2Fwp%2Fv2%2Fmedia&parent=1325"}],"wp:term":[{"taxonomy":"category","embeddable":true,"href":"https:\/\/srcekrajine.org\/index.php?rest_route=%2Fwp%2Fv2%2Fcategories&post=1325"},{"taxonomy":"post_tag","embeddable":true,"href":"https:\/\/srcekrajine.org\/index.php?rest_route=%2Fwp%2Fv2%2Ftags&post=1325"}],"curies":[{"name":"wp","href":"https:\/\/api.w.org\/{rel}","templated":true}]}}