{"id":1329,"date":"2013-11-02T15:36:29","date_gmt":"2013-11-02T14:36:29","guid":{"rendered":"https:\/\/srcekrajine.org\/?p=1329"},"modified":"2013-11-02T15:36:29","modified_gmt":"2013-11-02T14:36:29","slug":"bez-slavlja","status":"publish","type":"post","link":"https:\/\/srcekrajine.org\/?p=1329","title":{"rendered":"Bez slavlja"},"content":{"rendered":"<div><img decoding=\"async\" alt=\"\" src=\"http:\/\/www.tanjug.rs\/items\/male\/114115.jpg\" align=\"left\" \/><\/div>\n<p>&nbsp;<\/p>\n<p>&nbsp;<\/p>\n<p>&nbsp;<\/p>\n<p>&nbsp;<\/p>\n<p>&nbsp;<\/p>\n<p>&nbsp;<\/p>\n<p>&nbsp;<\/p>\n<p>&nbsp;<\/p>\n<p>BRISEL &#8211; Iako se danas navr\u0161ava dvadeset godina od stupanja na snagu Mastrihtskog ugovora kojim je ustanovljena zajedni\u010dka evropska valuta, nikome u Briselu nije do slavlja, osim \u0161to evropske institucije ne\u0107e raditi.<br \/>\n<!--more--><br \/>\nGlavni razlog za izostanak pompe je, naravno, teku\u0107a ekonomska i politi\u010dka kriza, ali treba uzeti u obzir da je zvani\u010dni dvadeseti ro\u0111endan Mastrihta proslavljen 7.februara pro\u0161le godine, u znak se\u0107anja na datum potpisivanja sporazuma.<\/p>\n<p>Pakt kojim je ustanovljen evro je od za\u010detka, to jest od 10.decembra 1991. kada je na zasedanju Saveta EU u holandskom gradi\u0107u Mastrihtu usagla\u0161sen njegov nacrt, bio izvor mnogih polemika i kriza, i pre i nakon \u0161to je stupio na snagu.<\/p>\n<p>Najpre je u Danskoj 2.juna 1992, odr\u017ean referendum na kome su glasa\u010di odbacili sporazum sa ve\u0107inom manjom od 50.000 glasova, a malo je nedostajalo da se sli\u010dan rezultat ponovi u Francuskoj, gde je Mastriht pro\u0161ao &#8222;na mi\u0161i\u0107e&#8220; (51 odsto za).<\/p>\n<p>Danci su Mastrihtski sporazum prihvatili tek godinu dana kasnije, na ponovljenom referendumu koji je raspisan nakon \u0161to su dobili izvesne olak\u0161ice u vezi sa propisanim kriterijumima o visini inflacije i bud\u017eetskog deficita, ali ni to nije bio kraj &#8222;poro\u0111ajnim mukama&#8220;.<\/p>\n<p>Tada\u0161nji premijer Velike Britanije D\u017eon Mejd\u017eor na\u0161ao se u neprilici kada se deo poslanika njegove sopstvene stranke pobunio protiv ratifikacije Mastrihta, tako da je Parlament odbacio sporazum, a Mejd\u017eor nedugo potom izgubio vlast.<\/p>\n<p>Rezultat je bio da je Engleska do danas zadr\u017eala funtu kao nacionalnu valutu (\u0160kotska ima svoju verziju), na \u010demu joj danas zavide mnogi Evropljani koji se sa nostalgijom prise\u0107aju marke, franka i lire.<\/p>\n<p>Kada je Sporazum kona\u010dno stupio na snagu 1. novembra 1993, bio je pozdravljen kao znak da je evropski san blizu ostvarenja, jer su u Mastrihtu tog dana definisani ne samo Evropska monetarna unija (EMU), nego i jo\u0161 dva va\u017ena stuba EU: zajedni\u010dka bezbednosna i odbrambrena politika i zajednicka slu\u017eba za pravosu\u0111e i unutra\u0161nje poslove.<\/p>\n<p>Danas svi ti stubovi izgledaju prili\u010dno klimavo: evro je jedva opstao, ideja o zajedni\u010dkoj evropskoj vojsci koja bi zamenila NATO nikada nije realizovana, a sve ve\u0107i broj zemalja \u010dlanica zahteva da im se daju odre\u0161ene ruke da svojim policijama i sudovima upravljaju bez briselskih stega.<\/p>\n<p>Ali ako ove godine nema mnogo povoda za slavlje, nema ih mnogo ni za jadikovku: propast evra i raspad EU, koji su mnogi jo\u0161 pro\u0161le godine videli kao neminovnost, danas gotovo niko ne vi\u0161e ozbiljno ne pominje; sa svojih 733 miliona stanovnika i bruto dru\u0161tvenim proizvodom od vrtoglavih 12 894 triliona evra, Evropa je ubedljivo najve\u0107a privredna sila na svetu, daleko ispred SAD i Kine.<\/p>\n<p>To bi bio dovoljan razlog da se ovogodi\u0161njem slavljeniku, uprkos te\u0161kom poro\u0111aju i problemati\u010dnoj mladosti, po\u017eeli puno sre\u0107e ubudu\u0107e.<\/p>\n","protected":false},"excerpt":{"rendered":"<p>&nbsp; &nbsp; &nbsp; &nbsp; &nbsp; &nbsp; &nbsp; &nbsp; BRISEL &#8211; Iako se danas navr\u0161ava dvadeset godina od stupanja na snagu Mastrihtskog ugovora kojim je ustanovljena zajedni\u010dka evropska valuta, nikome u Briselu nije do slavlja, osim \u0161to evropske institucije ne\u0107e raditi.<\/p>\n","protected":false},"author":2,"featured_media":0,"comment_status":"open","ping_status":"closed","sticky":false,"template":"","format":"standard","meta":{"footnotes":""},"categories":[],"tags":[],"_links":{"self":[{"href":"https:\/\/srcekrajine.org\/index.php?rest_route=\/wp\/v2\/posts\/1329"}],"collection":[{"href":"https:\/\/srcekrajine.org\/index.php?rest_route=\/wp\/v2\/posts"}],"about":[{"href":"https:\/\/srcekrajine.org\/index.php?rest_route=\/wp\/v2\/types\/post"}],"author":[{"embeddable":true,"href":"https:\/\/srcekrajine.org\/index.php?rest_route=\/wp\/v2\/users\/2"}],"replies":[{"embeddable":true,"href":"https:\/\/srcekrajine.org\/index.php?rest_route=%2Fwp%2Fv2%2Fcomments&post=1329"}],"version-history":[{"count":1,"href":"https:\/\/srcekrajine.org\/index.php?rest_route=\/wp\/v2\/posts\/1329\/revisions"}],"predecessor-version":[{"id":1330,"href":"https:\/\/srcekrajine.org\/index.php?rest_route=\/wp\/v2\/posts\/1329\/revisions\/1330"}],"wp:attachment":[{"href":"https:\/\/srcekrajine.org\/index.php?rest_route=%2Fwp%2Fv2%2Fmedia&parent=1329"}],"wp:term":[{"taxonomy":"category","embeddable":true,"href":"https:\/\/srcekrajine.org\/index.php?rest_route=%2Fwp%2Fv2%2Fcategories&post=1329"},{"taxonomy":"post_tag","embeddable":true,"href":"https:\/\/srcekrajine.org\/index.php?rest_route=%2Fwp%2Fv2%2Ftags&post=1329"}],"curies":[{"name":"wp","href":"https:\/\/api.w.org\/{rel}","templated":true}]}}