{"id":1332,"date":"2013-11-03T10:09:51","date_gmt":"2013-11-03T09:09:51","guid":{"rendered":"https:\/\/srcekrajine.org\/?p=1332"},"modified":"2013-11-03T10:09:51","modified_gmt":"2013-11-03T09:09:51","slug":"politicka-elita-za-to-prima-platu","status":"publish","type":"post","link":"https:\/\/srcekrajine.org\/?p=1332","title":{"rendered":"Politi\u010dka elita za to prima platu"},"content":{"rendered":"<div>\n<div id=\"post_message_22551362\">\n<blockquote><p><img decoding=\"async\" alt=\"\" src=\"http:\/\/www.vijesti.me\/slika-519x316\/vijesti\/karikuturama-ispred-vlade-protiv-unistenja-kulture-umjetnosti-slika-138410.jpg\" border=\"0\" \/><\/p><\/blockquote>\n<\/div>\n<\/div>\n<p><span><span>KADA se u Srbiji pomene re\u010d elita, ve\u0107ina misli na onu estradno-politi\u010dku koja je \u201eokupirala\u201c novine i televizije. Poreme\u0107en sistem vrednosti doveo je do toga da se sloj koji ima prili\u010dno jadan i neprihvatljiv sistem vrednosti smatra dru\u0161tvenom elitom. Estradne umetnice, starlete, u\u010desnici rijalitija, poneki sportista, dame sa ekrana koje maskiraju stvarna zanimanja&#8230; ra\u010dunaju se u ugledne \u010dlanove dru\u0161tvene zajednice.<!--more--><\/span><\/span><\/p>\n<div><\/div>\n<p><span><span>S druge strane, ljudi koji se isti\u010du vrhunskim znanjem i obrazovanjem, moralom i velikim delima i imaju istinski ugled gurnuti su u stranu, a njihovo delo slabo se vidi.<\/span><\/span><\/p>\n<p><span><span>Kako je do\u0161lo do toga da se vrednosni sistem toliko poremeti, ima li Srbija istinsku dru\u0161tvenu elitu i ko je \u010dini?<\/span><\/span><\/p>\n<p><span><span>&#8211; Jadna nam majka ako nemamo elitu &#8211; odgovara Sini\u0161a Kova\u010devi\u0107, dramski pisac.<br \/>\n<\/span><\/span><\/p>\n<p><span><span>&#8211; Samo, ta elita sedi u \u010ditaonicama i sprema ispite, u operacionim salama operi\u0161e ne\u010diju decu, na treninzima vredno trenira, na scenama glumi, slike srpske elite su po galerijama, elita sedi na traktorima i seje p\u0161enicu&#8230; Srpska elita nije na \u201eFarmi\u201c, a nije ni u Skup\u0161tini. Ona, na\u017ealost, nije zastupljena u javnosti.<\/span><\/span><\/p>\n<p><span><span>Elitizuje se, nastavlja na\u0161 sagovornik, ono \u0161to se pojavljuje u medijima i \u010diji je kvalitet nesporno sumnjiv.<\/span><\/span><\/p>\n<div><img decoding=\"async\" alt=\"\" src=\"http:\/\/novosti.rs\/upload\/images\/2013\/\/11\/02\/5elita.jpg\" \/><\/div>\n<p><span><span>&#8211; Pla\u0107amo danak \u010dinjenici da je ono \u0161to je nekada smatrano kvalitetom, ono \u010demu smo mi vaspitavani i \u010demu smo vaspitavali na\u0161u decu &#8211; sada anahrono i lo\u0161e. A ono \u0161to je nekada smatrano neprihvatljivim sada je dobro i po\u017eeljno &#8211; ka\u017ee Kova\u010devi\u0107 za na\u0161 list.<\/span><\/span><\/p>\n<p><span><span>Dru\u0161tvo koje nema istinske demokratije nema ni istinsku elitu &#8211; ka\u017ee istori\u010dar Vasilije Kresti\u0107:<\/span><\/span><\/p>\n<p><span><span>&#8211; Ovo danas je kvazidemokratija. Ne postoji stvarna demokratija i otvoreni mediji. Imamo dr\u017eavne analiti\u010dare i stru\u010dnjake za sva pitanja. Oni su predstavnici vladaju\u0107eg sloja. A oni koji se ne sla\u017eu sa dr\u017eavnom politikom marginalizovani su. Intelektualci su na marginama i istinske elite na javnoj sceni nema. Ovaj problem nije karakteristi\u010dan samo za nas nego i za sve postkomunisti\u010dke zemlje, samo \u0161to je kod nas najizra\u017eeniji.<\/span><\/span><\/p>\n<div><img decoding=\"async\" alt=\"\" src=\"http:\/\/novosti.rs\/upload\/images\/2013\/\/11\/02\/5elita%20%281%29.jpg\" \/><\/div>\n<p><span><span>Da Srbija nije zavr\u0161ila proces konstituisanja elite, smatra i Ljubi\u0161a Despotovi\u0107, politikolog sa Instituta za politi\u010dke studije u Beogradu.<\/span><\/span><\/p>\n<p><span><span>&#8211; Da bismo imali istinsku dru\u0161venu elitu, ona mora da objedini tri oblika elite. Jedna je simboli\u010dka, u koju spadaju lekari, profesori, nau\u010dni radnici, intelektualci&#8230; Druga je ona koja ima dru\u0161tveni uticaj, i tu spadaju politi\u010dari, kao i globalisti\u010dke nevladine organizacije. Tre\u0107i oblik je finansijska elita, a to su na\u0161i tajkuni. Sve tri ove elite moraju biti objedinjene. Dakle, profesor bi trebalo da, osim simboli\u010dkog elitizma, poseduje i dru\u0161tveni uticaj i novac. Kao \u0161to bi neko ko ima finansijski kapital trebalo da ima i dru\u0161tveni ugled &#8211; poja\u0161njava Despotovi\u0107 i ka\u017ee da je u drugim dru\u0161tvima, pa \u010dak i u onima u kojima postoji segregacija, ovo pravilo ispo\u0161tovano.<\/span><\/span><\/p>\n<p><span><span>On kao problem navodi to \u0161to srpska elita nema kontinuitet:<\/span><\/span><\/p>\n<p><span><span>&#8211; Svaka epoha je sekla svoju elitu. Broz je 1944. godine u\u0161ao u Beograd i uni\u0161tio najve\u0107i deo elite, a to je ra\u0111eno i decenijama posle. Za vreme Milo\u0161evi\u0107a, taj sloj nije mogao da se formira zbog ratova, sankcija bombardovanja&#8230; A posle 5. oktobra zbog plja\u010dka\u0161kih privatizacija.<\/span><\/span><\/p>\n<div><img decoding=\"async\" alt=\"\" src=\"http:\/\/novosti.rs\/upload\/images\/2013\/\/11\/02\/5elita%20%283%29.jpg\" \/><\/div>\n<p><span><span>Profesor filozofije i direktor Pete beogradske gimnazije Savi\u0107 Mini\u0107 ka\u017ee, za na\u0161 list, da je usled op\u0161teg raspada, koji uklju\u010duje i raspad dr\u017eave, do\u0161lo i do propasti vrednosnog sistema.<\/span><\/span><\/p>\n<p><span><span>&#8211; Mi profesori radimo na uspostavljanju tog sistema, u\u010dimo decu kako da raspoznaju ko je ko i \u0161ta je \u0161ta. I \u010dini mi se da uspevamo u tome &#8211; ka\u017ee Mini\u0107 i nagla\u0161ava da su stvarna elita umetnici, nau\u010dnici, sportisti, politi\u010dari&#8230;<\/span><\/span><\/p>\n<p><span><span>A koliko je ta elita nacionalno odgovorna?<\/span><\/span><\/p>\n<p><span><span>&#8211; Politi\u010dka elita nije dovoljno nacionalno odgovorna. Njima je to posao, za to primaju platu, ali oni najmanje brane nacionalni interes. Ovi drugi su manje-vi\u0161e potisnuti. Njihov rad se vrlo malo vidi i \u010duje, a ako se i vidi, na to se ne obra\u0107a pa\u017enja.<\/span><\/span><\/p>\n<div><img decoding=\"async\" alt=\"\" src=\"http:\/\/novosti.rs\/upload\/images\/2013\/\/11\/02\/5elita%20%282%29.jpg\" \/><\/div>\n<p><span><span>Ljubi\u0161a Despotovi\u0107 ka\u017ee:<\/span><\/span><\/p>\n<p><span><span>&#8211; Nema nacionalne odgovornosti. Naprotiv, svedoci smo devastacije nacionalnih intersa i sau\u010destvovanja u sprovo\u0111enju geopoliti\u010dkih planova zapadnih politi\u010dkih elita.<\/span><\/span><\/p>\n<p><span><span>Sini\u0161a Kova\u010devi\u0107 ocenjuje da \u017eivimo u vremenima u kojima je izra\u017eena kriza kriterijuma i otuda ta vrsta elitizacije ljudi koji to ni po \u010demu ne zaslu\u017euju.<\/span><\/span><\/p>\n<p><span><span>&#8211; Ovo je tabloidno vreme, valjda \u0107e i ono pro\u0107i &#8211; nada se Kova\u010devi\u0107.<br \/>\n<\/span><\/span><\/p>\n<p><span><span><br \/>\n<b>BEZ KOMPROMISA<\/b><\/span><\/span><\/p>\n<p><span><span>PROFESOR gimnazije Miodrag Soki\u0107 ka\u017ee da budu\u0107a elita mogu da budu \u0111aci koji po\u0161tuju svoje \u017eelje i ne prave kompromise:<\/span><\/span><\/p>\n<p><span><span>&#8211; Svojim \u0111acima ka\u017eem da moraju da misle, da ne prave kompromise i da upi\u0161u fakultet koji \u017eele, a ne onaj koji \u0107e im doneti posao. Treba da sami sebi budu elita, da gledaju iznad. \u010cim napravi\u0161 kompromis, nisi elita ni sebi samom, niti te dru\u0161tvo tako gleda.<\/span><\/span><\/p>\n<p><span><span>A ko je elita danas u Srbiji? Profesor Soki\u0107 nabraja:<\/span><\/span><\/p>\n<p><span><span>&#8211; Matija, R\u0161um, Tasovac, dvojica Kova\u010devi\u0107a, \u017debenjan, dr Stojkovi\u0107, Simjanovi\u0107, \u0160ijan, Veli\u010dkovi\u0107, Gorica&#8230;<\/p>\n<p><\/span><\/span><\/p>\n<div><span><span><b><img decoding=\"async\" alt=\"\" src=\"http:\/\/novosti.rs\/upload\/images\/2013\/\/11\/02\/5elita%20%285%29.jpg\" \/><\/b><\/span><\/span><\/div>\n<p><span><span><b>*****<\/p>\n<p>TRGOV\u010cEVI\u0106EVA: NISU SE UGLEDALI NA KOLARCA, \u0106ELOVI\u0106A, CVIJI\u0106A&#8230;<\/b><\/p>\n<p>AKO govorimo o eliti, moramo se najpre slo\u017eiti oko sadr\u017eaja tog pojma, jer se on neta\u010dno i neuko koristi. Ako je re\u010d o \u201eizabranima\u201c, oni su birani po razli\u010ditim merilima koja nisu usagla\u0161ena i koja su zavisna od tuma\u010da &#8211; ka\u017ee za \u201eNovosti\u201c profesorka Fakulteta politi\u010dkih nauka Ljubinka Trgov\u010devi\u0107.<\/span><\/span><\/p>\n<p><span><span>Na\u0161a sagovornica nagla\u0161ava da Srbija nije imala i jo\u0161 nema tradicionalnu elitu po poreklu, ali je imala i sada stvara druge elitne dru\u0161tvene grupe: posedni\u010dku, tehnokratsku, pa i harizmatsku:<\/span><\/span><\/p>\n<p><span><span>&#8211; Prve dve su usko povezane sa politi\u010dkom i ekonomskom mo\u0107i, i njihovi interesi su usmereni na spajanje novca sa ugledom, odnosno na sticanje elitnog statusa zasnovanog na politi\u010dkom ili ekonomskom polo\u017eaju koji oni trenutno zauzimaju.<\/span><\/span><\/p>\n<p><span><span>Pri tome je, nastavlja profesorka Trgov\u010devi\u0107, nu\u017eno pomenuti da se \u010desto zanemaruje jo\u0161 jedna odlika elite koja se uop\u0161teno svodi na njihovu du\u017enost da svojim primerima deluju u javnosti razvijaju\u0107i kulturne, dru\u0161tvene i ekonomske potencijale dru\u0161tva kome pripadaju.<\/span><\/span><\/p>\n<p><span><span>&#8211; Ako tako posmatramo, retko ko od savremenih ekonomsko-politi\u010dkih mo\u0107nika \u0107e ostati upam\u0107en po kulturnom ili materijalnom doprinosu srpskom dru\u0161tvu, poput prethodnika Ilije Kolarca, Luke \u0106elovi\u0107a, Jovana Cviji\u0107a i drugih. Ovo \u0161to danas imamo na javnoj sceni Srbije, razne VIP li\u010dnosti, mogu pripadati onoj grupi koju bi mogli nazvati statusno-harizmatskom elitom koja svojim stilom \u017eivota, obla\u010denjem ili prisustvom u medijima gradi predstavu o sebi. Ve\u0107ini manjka sadr\u017eaj jer su njihov elitni status napravili mediji. Oni, uglavnom, ni\u010demu ne doprinose i ni\u0161ta ne stvaraju, osim \u0161to popunjavaju rijaliti programe i TV pri\u010daonice. Nisam sociolog ve\u0107 istori\u010dar, te su moja zapa\u017eanja vi\u0161e utisci nego egzaktne \u010dinjenice, ali mogu zapaziti da je na\u0161a nedavna pro\u0161lost i sada\u0161njost istorija lo\u0161ih primera \u0161to se upravo vidi na primeru tzv. srpske elite &#8211; navodi ona.<\/span><\/span><\/p>\n<p><span><span>I uo\u010dava se, dodaje profesorka, da je stvarala\u010dka elita, u koju mo\u017eemo ubrojata neke vrhunske umetnike, nau\u010dnike ili sportiste, podeljena na dve grupe: jedna je dozvolila da podlegne bulevarskim medijima i postane \u201ejavna\u201c li\u010dnost, dok se druga povukla u\u017easnuta koli\u010dinom blata kojim je okru\u017eena. <\/span><\/span><\/p>\n","protected":false},"excerpt":{"rendered":"<p>KADA se u Srbiji pomene re\u010d elita, ve\u0107ina misli na onu estradno-politi\u010dku koja je \u201eokupirala\u201c novine i televizije. Poreme\u0107en sistem vrednosti doveo je do toga da se sloj koji ima prili\u010dno jadan i neprihvatljiv sistem vrednosti smatra dru\u0161tvenom elitom. Estradne umetnice, starlete, u\u010desnici rijalitija, poneki sportista, dame sa ekrana koje maskiraju stvarna zanimanja&#8230; ra\u010dunaju se [&hellip;]<\/p>\n","protected":false},"author":2,"featured_media":0,"comment_status":"open","ping_status":"closed","sticky":false,"template":"","format":"standard","meta":{"footnotes":""},"categories":[],"tags":[],"_links":{"self":[{"href":"https:\/\/srcekrajine.org\/index.php?rest_route=\/wp\/v2\/posts\/1332"}],"collection":[{"href":"https:\/\/srcekrajine.org\/index.php?rest_route=\/wp\/v2\/posts"}],"about":[{"href":"https:\/\/srcekrajine.org\/index.php?rest_route=\/wp\/v2\/types\/post"}],"author":[{"embeddable":true,"href":"https:\/\/srcekrajine.org\/index.php?rest_route=\/wp\/v2\/users\/2"}],"replies":[{"embeddable":true,"href":"https:\/\/srcekrajine.org\/index.php?rest_route=%2Fwp%2Fv2%2Fcomments&post=1332"}],"version-history":[{"count":1,"href":"https:\/\/srcekrajine.org\/index.php?rest_route=\/wp\/v2\/posts\/1332\/revisions"}],"predecessor-version":[{"id":1333,"href":"https:\/\/srcekrajine.org\/index.php?rest_route=\/wp\/v2\/posts\/1332\/revisions\/1333"}],"wp:attachment":[{"href":"https:\/\/srcekrajine.org\/index.php?rest_route=%2Fwp%2Fv2%2Fmedia&parent=1332"}],"wp:term":[{"taxonomy":"category","embeddable":true,"href":"https:\/\/srcekrajine.org\/index.php?rest_route=%2Fwp%2Fv2%2Fcategories&post=1332"},{"taxonomy":"post_tag","embeddable":true,"href":"https:\/\/srcekrajine.org\/index.php?rest_route=%2Fwp%2Fv2%2Ftags&post=1332"}],"curies":[{"name":"wp","href":"https:\/\/api.w.org\/{rel}","templated":true}]}}