{"id":1337,"date":"2013-11-04T09:10:03","date_gmt":"2013-11-04T08:10:03","guid":{"rendered":"https:\/\/srcekrajine.org\/?p=1337"},"modified":"2013-11-04T09:10:46","modified_gmt":"2013-11-04T08:10:46","slug":"oduzimaju-se-osobne-rh-zbog-laznih-prebivalista","status":"publish","type":"post","link":"https:\/\/srcekrajine.org\/?p=1337","title":{"rendered":"Oduzimaju se osobne RH zbog la\u017enih prebivali\u0161ta ? ? ?"},"content":{"rendered":"<p><img decoding=\"async\" alt=\"Oduzimaju se osobne RH zbog la\u017enih prebivali\u0161ta\" src=\"http:\/\/www.vecernji.hr\/media\/cache\/4b\/cb\/4bcbafb90f3b0be04db3354ba9b4a47c.jpg\" \/><\/p>\n<p>Nepuna dva mjeseca su ostala da se osobe koje posjeduju osobne iskaznice iz Hrvatske i prebivali\u0161ta odjave s tih adresa ako su na njima prijavljeni fiktivno jer \u0107e po\u010detkom sljede\u0107e godine po\u010deti policijske provjere s financijskim ka\u017enjavanjem i oduzimanjem osobnih iskaznica.<\/p>\n<div><!--more--><\/div>\n<p>Zbog toga zakona su ve\u0107 reagirali iz hrvatske dijaspore isti\u010du\u0107i kako se radi o svojevrsnoj odmazdi prema iseljeni\u0161tvu od aktualne vlasti koja pak prijeti nov\u010danim kaznama kada se utvrde nepravilnosti i oduzimanjem osobnih iskaznica.<\/p>\n<p>&#8211; Nije li zapravo skandalozno da se ljudima koji su desetlje\u0107ima sanjali slobodnu Hrvatsku, koji su se iselili trbuhom za kruhom ili iz politi\u010dkih razloga, jer su bili nepodobni komunisti\u010dkom re\u017eimu, novim zakonom oduzima dio hrvatskog identiteta?! \u201cTo je kao da ti odsjeku prste na ruci\u201d, komentirao je nedavno jedan iseljenik kojemu je poni\u0161tena osobna iskaznica u hrvatskom konzulatu u Njema\u010dkoj.<\/p>\n<p>Pri tome su naveli da takva praksa ne vrijedi u zemljama EU-a. Policija s ciljem utvrde \u017eivi li netko ili ne na navedenoj adresi prebivali\u0161ta mo\u017ee istra\u017eivati mjesto zaposlenja odre\u0111ene osobe, mo\u017ee ispitati poha\u0111aju li djeca pred\u0161kolske i \u0161kolske ustanove u mjestu prijavljenog prebivali\u0161ta, je li osoba ili netko od \u010dlanova ku\u0107anstva u\u010dlanjen i aktivno sudjeluje u lokalnim sportskim, kulturnim i drugim ustanovama.<\/p>\n<p>U informaciji MUP-a RH se navodi da svi gra\u0111ani koji su s danom 29. prosincem 2012. godine ve\u0107 u inozemstvu bili du\u017ee od godinu dana zbog obrazovanja, obavljanja poslova koji nisu trajnog karaktera i vezani su uz odre\u0111eno vremensko razdoblje, dugotrajnog lije\u010denja i drugih razloga, moraju najkasnije do 29. prosinca 2013. godine o tome obavijestiti policijsku upravu ili postaju na \u010dijem podru\u010dju imaju prijavljeno prebivali\u0161te ili diplomatsku misiju &#8211; konzularni ured RH na \u010dijem podru\u010dju borave u inozemstvu te im o razlozima privremenog boravka izvan RH moraju dostaviti odgovaraju\u0107u dokumentaciju. Ako ne ispo\u0161tuju ovu obvezu, za njih \u0107e se pokrenuti postupci odjave po slu\u017ebenoj du\u017enosti iz zbirke podataka o prebivali\u0161tu i boravi\u0161tu.<\/p>\n<p>Sli\u010dno se odnosi i za gra\u0111ane u inozemstvu koji su u programu obnove ili stambenog zbrinjavanja, dok gra\u0111ani koji su prijavili prebivali\u0161te prema ranije va\u017ee\u0107em zakonu i \u017eive u mjestu i na adresi koju su prijavili nisu du\u017eni ponovno prijaviti prebivali\u0161te prema odredbama novoga zakona o prebivali\u0161tu.<\/p>\n","protected":false},"excerpt":{"rendered":"<p>Nepuna dva mjeseca su ostala da se osobe koje posjeduju osobne iskaznice iz Hrvatske i prebivali\u0161ta odjave s tih adresa ako su na njima prijavljeni fiktivno jer \u0107e po\u010detkom sljede\u0107e godine po\u010deti policijske provjere s financijskim ka\u017enjavanjem i oduzimanjem osobnih iskaznica.<\/p>\n","protected":false},"author":2,"featured_media":0,"comment_status":"open","ping_status":"closed","sticky":false,"template":"","format":"standard","meta":{"footnotes":""},"categories":[],"tags":[],"_links":{"self":[{"href":"https:\/\/srcekrajine.org\/index.php?rest_route=\/wp\/v2\/posts\/1337"}],"collection":[{"href":"https:\/\/srcekrajine.org\/index.php?rest_route=\/wp\/v2\/posts"}],"about":[{"href":"https:\/\/srcekrajine.org\/index.php?rest_route=\/wp\/v2\/types\/post"}],"author":[{"embeddable":true,"href":"https:\/\/srcekrajine.org\/index.php?rest_route=\/wp\/v2\/users\/2"}],"replies":[{"embeddable":true,"href":"https:\/\/srcekrajine.org\/index.php?rest_route=%2Fwp%2Fv2%2Fcomments&post=1337"}],"version-history":[{"count":2,"href":"https:\/\/srcekrajine.org\/index.php?rest_route=\/wp\/v2\/posts\/1337\/revisions"}],"predecessor-version":[{"id":1339,"href":"https:\/\/srcekrajine.org\/index.php?rest_route=\/wp\/v2\/posts\/1337\/revisions\/1339"}],"wp:attachment":[{"href":"https:\/\/srcekrajine.org\/index.php?rest_route=%2Fwp%2Fv2%2Fmedia&parent=1337"}],"wp:term":[{"taxonomy":"category","embeddable":true,"href":"https:\/\/srcekrajine.org\/index.php?rest_route=%2Fwp%2Fv2%2Fcategories&post=1337"},{"taxonomy":"post_tag","embeddable":true,"href":"https:\/\/srcekrajine.org\/index.php?rest_route=%2Fwp%2Fv2%2Ftags&post=1337"}],"curies":[{"name":"wp","href":"https:\/\/api.w.org\/{rel}","templated":true}]}}