{"id":1340,"date":"2013-11-04T16:53:47","date_gmt":"2013-11-04T15:53:47","guid":{"rendered":"https:\/\/srcekrajine.org\/?p=1340"},"modified":"2013-11-04T16:54:39","modified_gmt":"2013-11-04T15:54:39","slug":"ponovo-sam-prosao-kroz-pakao","status":"publish","type":"post","link":"https:\/\/srcekrajine.org\/?p=1340","title":{"rendered":"Ponovo sam pro\u0161ao kroz pakao"},"content":{"rendered":"<p id=\"article_lead\"><strong>Slobodan Dotli\u0107 je sredinom pro\u0161log meseca, 18. oktobra, uhap\u0161en na granici Hrvatske sa Ma\u0111arskom na osnovu presude kojom je pre 20 godina osu\u0111en na 15 godina zatvora zbog navodnih ratnih zlo\u010dina u Gospi\u0107u 1991. godine. On je uhap\u0161en i preba\u010den u Gospi\u0107 na &#8222;izdr\u017eavanje kazne&#8220;, mada je pro\u0161le godine doneto sudsko re\u0161enje o obnovi postupka. <\/strong><\/p>\n<p>&#8211; Vratio se deko, sre\u0107o moja. Vratio se i vi\u0161e se ne\u0107emo razdvajati &#8211; ovako, sa suzama u o\u010dima, \u010dvrsto dr\u017ee\u0107i 18-mese\u010dnu unuku Tamaru, poslednjih nekoliko dana tepa svojoj mezimici 56-godi\u0161nji Srbin iz Australije Slobodan Dotli\u0107.<\/p>\n<div>\n<div>NAZDRAVIO SLOBODI:<br \/>\n<img loading=\"lazy\" decoding=\"async\" alt=\"\" src=\"http:\/\/www.vesti-online.com\/data\/images\/2013-11-03\/367202_110404c2_f.jpg?ver=1383494017\" width=\"480\" height=\"290\" \/><\/div>\n<div>Sa suprugom Verom<\/div>\n<div><!--more--><\/div>\n<div>\u00a0Posle desetak dana provedenih u zatvoru, on je 30. oktobra ekspresno oslobo\u0111en i po\u010detkom decembra bi trebalo da se vrati u Australiju sa suprugom Verom, k\u0107erkom Slobodanom, njenom k\u0107erkom Tamarom i Rajkom, najstarijim od \u010detvorice sinova.<\/div>\n<\/div>\n<p>&#8211; Pu\u0161ten sam u sredu, 30. oktobra oko 16.30, tako \u0161to je tu\u017eila\u0161tvo preimenovalo krivi\u010dno delo ratni zlo\u010din u oru\u017eanu pobunu koja potpada pod amnestiju. Hvala svima koji su mi pomogli jer svi ka\u017eu da ovi postupci traju od tri do \u0161est meseci &#8211; veli Slobodan Dotli\u0107.<\/p>\n<p>&nbsp;<\/p>\n<p>&nbsp;<\/p>\n<div><img loading=\"lazy\" decoding=\"async\" alt=\"\" src=\"http:\/\/www.vesti-online.com\/data\/images\/2013-11-03\/367203_110404c3_if.jpg?ver=1383494034\" width=\"240\" height=\"360\" \/><\/p>\n<div>Sa unukom Tamarom<\/div>\n<\/div>\n<p>Njegova supruga Vera dodaje da posebnu zahvalnost duguju svim zemljacima iz Australije koji su od prvog dana zvali i nudili pomo\u0107.<br \/>\n&#8211; Verujte da posle teksta u &#8222;Vestima&#8220; telefoni nisu prestajali da zvone ni na\u0161im sinovima u Sidneju, ni nama ovde. I sada mi se pla\u010de zbog dobrote svih poznatih i nepoznatih koji su se javili, ali i ova na\u0161a drama je pokazala koliko je srpska zajednica jaka i koliko smo slo\u017eni &#8211; dodaje Vera uz veliki osmeh olak\u0161anja.<br \/>\nOno \u0161to svakako sudska presuda ne\u0107e mo\u0107i da zale\u010di je bolna \u010dinjenica da je Dotli\u0107 ove godine morao da vrati film na sve ono \u0161to je pre\u017eiveo 1991. godine, od 18. septembra do 25. novembra. I Hrvatska se potrudila da mu se\u0107anje bude kompletno, pa je bio zatvoren u istom onom zatvoru u kome je, pre 22 godine, postao 80 odsto invalid.<br \/>\n&#8211; Kada su mi rekli da me voze u zatvor u Gospi\u0107 prvo sam pomislio da je neka gruba \u0161ala. Ali, kada smo krenuli onim putem kojim su me vozili 1991, sve mi se vratilo&#8230;<br \/>\nTada je bio zarobljen sa jo\u0161 200 vojnika i oko 50 stare\u0161ina kasarne JNA u Gospi\u0107u.<br \/>\n&#8211; Zamislite kakav je bio moj \u0161ok kada sam me\u0111u stra\u017earima prepoznao i neke od pre 22 godine. Kako sam ja prepoznao njih, tako su i oni mene, ali ne mogu da gre\u0161im du\u0161u. Oni su te &#8217;91. bili korektni, nisu u\u010destvovali u i\u017eivljavanjima.<br \/>\nZarobljeni iz kasarne JNA su najpre preba\u010deni u jedno selo u okolini Smiljana, u kome se nalazio ratni \u0161tab hrvatske vojske. Dotli\u0107 je tu imao &#8222;\u010dast&#8220; da ga li\u010dno &#8222;obra\u0111uju&#8220; Tomislav Mer\u010dep i Ivica Ore\u0161kovi\u0107, brat daleko \u010duvenijeg po zlu Tihomira.<img loading=\"lazy\" decoding=\"async\" alt=\"\" src=\"http:\/\/www.vesti-online.com\/data\/images\/2013-11-03\/367208_110404c8_if.jpg?ver=1383494052\" width=\"240\" height=\"360\" \/><br \/>\n&#8211; Posle jednog Mer\u010depovog saslu\u0161anja polomljena su mi rebra, a Ore\u0161kovi\u0107 je u nekoliko navrata pred njim vadio no\u017e i hteo da me zakolje &#8211; jedva pri\u010da Dotli\u0107, ali ipak, zarad istine, odlu\u010duje da progovori o tih 68 dana golgote.<br \/>\nDotli\u0107 ka\u017ee da su batinanja i i\u017eivljavanja bila svakodnevna, ali da su te &#8222;porcije&#8220; bile ni\u0161ta u odnosu na one koje bi dobijali kada bi se hrvatski vojnici vratili sa nekim poginulim ili ranjenim saborcem.<br \/>\nPosle nekoliko dana, ve\u0107ina zarobljenih vojnika i oficira je oslobo\u0111ena, a Dotli\u0107 je sa jo\u0161 15 kolega preba\u010den u zatvor u Gospi\u0107.<\/p>\n<table style=\"width: 480px\" border=\"0\" cellspacing=\"0\" cellpadding=\"0\" align=\"middle\">\n<tbody>\n<tr>\n<td>\n<h3>Batine usta\u0161ke mlade\u017ei<\/h3>\n<p>&#8211; Iskreno, ne znam da li su u Gospi\u0107u bili gori dani ili no\u0107i. Batinanja su bila svakodnevna. Odvodili bi nas po dvojicu u neku prostoriju, dobro svezali, a onda bi ulazio ko je znao, a tukao ko je koliko imao snage da dr\u017ei \u0161ipku ili motku. Tukla nas je i vojska i civili, a najgore smo se ose\u0107ali kada su uvodili decu starosti od 10 do 12 godina koju su predstavljali kao &#8222;usta\u0161ku mlade\u017e&#8220;. Oni bi nas mlatili \u010dime su znali i stigli. I dalje ne mogu normalno da spavam zbog svega \u0161to mi se dogodilo &#8211; veli Slobodan Dotli\u0107.<\/p>\n<h3>Zahvalnost<\/h3>\n<p>&#8211; Najvi\u0161e bih se zahvalio svom advokatu u Srbiji, \u0110or\u0111u Dozetu, zatim advokatu iz Zagreba Borisu Vuni\u0107u, ali posebnu zahvalnost dugujem australijskoj ambasadi u Hrvatskoj i njihovom konzulu D\u017eeremiju Havsonu, koji me je vi\u0161e puta obilazio, a konzulat je svakodnevno zvao moju porodicu &#8211; ka\u017ee Dotli\u0107.<br \/>\nSlobodan ka\u017ee da \u0107e i pored svega \u0161to je pre\u017eiveo ponovo i\u0107i u Hrvatsku, a najvi\u0161e kako bi obi\u0161ao stare roditelje u Korenici.<\/td>\n<\/tr>\n<\/tbody>\n<\/table>\n","protected":false},"excerpt":{"rendered":"<p>Slobodan Dotli\u0107 je sredinom pro\u0161log meseca, 18. oktobra, uhap\u0161en na granici Hrvatske sa Ma\u0111arskom na osnovu presude kojom je pre 20 godina osu\u0111en na 15 godina zatvora zbog navodnih ratnih zlo\u010dina u Gospi\u0107u 1991. godine. On je uhap\u0161en i preba\u010den u Gospi\u0107 na &#8222;izdr\u017eavanje kazne&#8220;, mada je pro\u0161le godine doneto sudsko re\u0161enje o obnovi postupka. [&hellip;]<\/p>\n","protected":false},"author":2,"featured_media":0,"comment_status":"open","ping_status":"closed","sticky":false,"template":"","format":"standard","meta":{"footnotes":""},"categories":[],"tags":[],"_links":{"self":[{"href":"https:\/\/srcekrajine.org\/index.php?rest_route=\/wp\/v2\/posts\/1340"}],"collection":[{"href":"https:\/\/srcekrajine.org\/index.php?rest_route=\/wp\/v2\/posts"}],"about":[{"href":"https:\/\/srcekrajine.org\/index.php?rest_route=\/wp\/v2\/types\/post"}],"author":[{"embeddable":true,"href":"https:\/\/srcekrajine.org\/index.php?rest_route=\/wp\/v2\/users\/2"}],"replies":[{"embeddable":true,"href":"https:\/\/srcekrajine.org\/index.php?rest_route=%2Fwp%2Fv2%2Fcomments&post=1340"}],"version-history":[{"count":2,"href":"https:\/\/srcekrajine.org\/index.php?rest_route=\/wp\/v2\/posts\/1340\/revisions"}],"predecessor-version":[{"id":1342,"href":"https:\/\/srcekrajine.org\/index.php?rest_route=\/wp\/v2\/posts\/1340\/revisions\/1342"}],"wp:attachment":[{"href":"https:\/\/srcekrajine.org\/index.php?rest_route=%2Fwp%2Fv2%2Fmedia&parent=1340"}],"wp:term":[{"taxonomy":"category","embeddable":true,"href":"https:\/\/srcekrajine.org\/index.php?rest_route=%2Fwp%2Fv2%2Fcategories&post=1340"},{"taxonomy":"post_tag","embeddable":true,"href":"https:\/\/srcekrajine.org\/index.php?rest_route=%2Fwp%2Fv2%2Ftags&post=1340"}],"curies":[{"name":"wp","href":"https:\/\/api.w.org\/{rel}","templated":true}]}}