{"id":1346,"date":"2013-11-07T17:30:27","date_gmt":"2013-11-07T16:30:27","guid":{"rendered":"https:\/\/srcekrajine.org\/?p=1346"},"modified":"2013-11-07T17:30:27","modified_gmt":"2013-11-07T16:30:27","slug":"saopstenje-povodom-hapsenja-srba-po-interpolovim-potjernicama","status":"publish","type":"post","link":"https:\/\/srcekrajine.org\/?p=1346","title":{"rendered":"Saop\u0161tenje povodom hap\u0161enja Srba po Interpolovim potjernicama"},"content":{"rendered":"<p><strong><\/strong><a href=\"http:\/\/images2.kurir-info.rs\/slika-900x608\/savo-strbac-tuzba-za-genocid-tuzbe-srbije-i-hrvatske-vesna-pusic-povlacenje-1328585176-98449.jpg\"><img decoding=\"async\" alt=\"Savo \u0160trbac, tu\u017eba za genocid, tu\u017ebe Srbije i Hrvatske, Vesna Pusi\u0107, povla\u010denje\" src=\"http:\/\/images2.kurir-info.rs\/slika-620x419\/savo-strbac-tuzba-za-genocid-tuzbe-srbije-i-hrvatske-vesna-pusic-povlacenje-1328585176-98449.jpg\" \/><\/a><br \/>\nU posljednjih petnaest dana uhap\u0161ena su tri Srbina po Interpolovim potjernicama koje je raspisao Biro interpola u Zagrebu, zbog navodnih ratnih zlo\u010dina, o \u010demu je izvje\u0161tavala ve\u0107ina medija u regionu.<br \/>\n<!--more--><br \/>\nJedan od njih je Dotli\u0107 Slobodan sin Rade, ro\u0111en 28. januara 1957. godine, u Kla\u0161nici kod Korenice, koji je uhap\u0161en 18.10.2013. na hrvatsko-ma\u0111arskoj granici, a optu\u017een je da je iz kasarne JNA \u201eStani\u0161a Stanko Opsenica\u201c u Gospi\u0107u 1991. godine s grupom oficira JNA izdavao naredbe i pucao po stanovni\u0161tvu u tom mjestu i civilnim objektima. Dotli\u0107 je bio u grupi od \u010detrnaest oficira JNA, koji su zarobljeni, a nakon mu\u010denja u zatvoru i razmjenjeni, da bi 1993. godine bili osu\u0111eni u odsustvu od 15 do 20 godina zatvora i za njima je raspisana potjernica. Dotli\u0107 je prije tri godine preko svog advokata tra\u017eio i dobio od nadle\u017enog hrvatskog suda rje\u0161enje o obnovi postupka, \u010dime je postupak vra\u0107en u fazu optu\u017eenja. Nakon 13 dana provedenih u istom zatvoru u Gospi\u0107u u kojem je bio i maltretiran 1991. godine, \u017dupanijski sud u Rijeci, nakon \u0161to je nadle\u017eno tu\u017eila\u0161tvo prekvalifikovalo ratni zlo\u010din u oru\u017eanu pobunu, obustavio je krivi\u010dni postupak protiv Dotli\u0107a, po\u0161to je oru\u017eana pobuna pod amnestijom, te je istovremeno obustavio i izvr\u0161enje ranije izre\u010dene kazne zatvora u trajanju od 15 godina, nakon \u010dega je Dotli\u0107 odmah pu\u0161ten na slobodu. Naravno, da je tu\u017eila\u0161tvo, da je pro\u010ditalo spis, i ranije trebalo da postupi na isti na\u010din, u kom slu\u010daju ne bi ni do\u0161lo do ponovnog hap\u0161enja i maltretiranja Dotli\u0107a i njegove porodice. Naravno da hrvatski mediji nisu ni objavili vijest da je protiv Dotli\u0107a obustavljen postupak i da je pu\u0161ten na slobodu.<\/p>\n<p>Drugi je, prema medijima, Ibrahim Kne\u017eevi\u0107, koji je uhap\u0161en 22. oktobra 2013. godine na grani\u010dnom prelazu izme\u0111u Njema\u010dke i Austrije na osnovu optu\u017ebe da je ranih devedesetih sudjelovao u nezakonitom hap\u0161enju, premla\u0107ivanju i te\u0161kom mu\u010denju civila i ratnih zarobljenika na podru\u010dju Baranje, a nalazi se u zatvoru u Njema\u010dkoj i \u010deka izru\u010denje u Hrvatsku.<\/p>\n<p>Na najnovijem spisku osoba protiv kojih se provodi istraga, optu\u017eenih bez presude i osu\u0111enih za ratne zlo\u010dine u Republici Hrvatskoj, na kojem se nalazi 1577 imena, ne nalazi se ime Kne\u017eevi\u0107 Ibrahima, ali se zato nalazi ime Kova\u010devi\u0107 Ibrahim zvani \u201eIbro\u201c i \u201eSavo\u201c sin D\u017eevada, ro\u0111en 26. oktobra.1966. u Popovcu op\u0161tina Beli Manastir, po nacionalnosti Srbin, protiv kojeg je u grupi od 57 lica, nadle\u017eno tu\u017eila\u0161tvo pred \u017dupanijskim sudom u Osijeku podiglo optu\u017enicu 2001. godine, a terete se za ratni zlo\u010din protiv civila i zarobljenika po\u010dinjen u Baranji od avgusta 1991. do marta 1993. godine. Konkretno Kne\u017eevi\u0107a se tereti da je kao \u201emilicajac\u201c Sekreterijata milicije u Belom Manastiru s ostalim pripadnicima paravojnih jedinica, koje je naoru\u017eala biv\u0161a JNA, sudjelovao u nezakonitom hap\u0161enju, premla\u0107ivanju i te\u0161kom mu\u010denju civila i ratnih zarobljenika.<\/p>\n<p>O kakvom \u201ete\u0161kom\u201c ratnom zlo\u010dinu se radi pokazuje i primjer \u0161estorice ranije uhap\u0161enih iz Kova\u010devi\u0107eve grupe, kojima je su\u0111eno u prisutnosti u Hrvatskoj, od kojih su petorica oslobo\u0111eni optu\u017ebe.<\/p>\n<p>Tre\u0107i je Aleksandar Lazarevi\u0107 sin Borislava, ro\u0111en 01. oktobra 1959. u Gornjoj Vre\u017eini kod Ni\u0161a, kojeg je uhapsila Grani\u010dna policija BiH 29. oktobra 2013. godine na grani\u010dnom prelazu Ra\u010da izme\u0111u BiH i Srbije, za kojim je hrvatsko pravosu\u0111e raspisalo me\u0111unarodnu potjernicu zbog krivi\u010dnog djela ratnog zlo\u010dina protiv civilnog stanovni\u0161tva. Prema VERITAS-ovim podacima, \u0161to se podudara i sa najnovijim hrvatskim spiskom osoba protiv kojih se provodi istraga, optu\u017eenih bez presude i osu\u0111enih za ratne zlo\u010dine u Republici Hrvatskoj, Lazarevi\u0107 je 1997. godine osu\u0111en u grupi od devetnaest oficira biv\u0161e JNA od strane \u017dupanijskog suda u Zadru na kaznu zatvora na trajanju od 14 godina.<\/p>\n<p>Oficiri iz ove grupe, me\u0111u kojima se nalazi i Mom\u010dilo Peri\u0161i\u0107, terete se da su u septembru i oktobru 1991. godine u Zadru i okolini odobravali i izdavali nare\u0111enja za otvaranje vatre iz artiljerijskog oru\u0111a po civilnim ciljevima, pri \u010demu je poginulo najmanje 30 civila, te prouzrokovana i velika materijalna \u0161teta na civilnim i objektima najvi\u0161e kulturne va\u017enosti.<\/p>\n<p>Na osnovu me\u0111unarodnih potjernica koje je raspisao Biro Interpola u Zagrebu, \u0161irom svjeta je do sada uhap\u0161eno 120 Srba iz Hrvatske i biv\u0161ih pripadnika JNA, od kojih su 35 ekstradirani u Hrvatsku. Od ekstradiranih do sada je protiv 16-ice postupak obustavljen ili je optu\u017eba odbijena, uglavnom nakon prekvalifikacije djela ratnog zlo\u010dina u oru\u017eanu pobunu, \u0161to ima za posljedicu gubitak obe\u0161te\u0107enja za vrijeme provedeno u pritvoru. Ovoliki broj obustava postupaka protiv lica sa Interpolovih potjernica ukazuje i na zloupotrebu Interpola od strane Hrvatske.<\/p>\n<p>Beograd, 06.11.2013.<\/p>\n<p>P R E D S J E D N I K<\/p>\n<p>Savo \u0160trbac<\/p>\n<p>&nbsp;<\/p>\n<p>Veritas, 06.11.2013.<\/p>\n<p>&nbsp;<\/p>\n","protected":false},"excerpt":{"rendered":"<p>U posljednjih petnaest dana uhap\u0161ena su tri Srbina po Interpolovim potjernicama koje je raspisao Biro interpola u Zagrebu, zbog navodnih ratnih zlo\u010dina, o \u010demu je izvje\u0161tavala ve\u0107ina medija u regionu.<\/p>\n","protected":false},"author":2,"featured_media":0,"comment_status":"open","ping_status":"closed","sticky":false,"template":"","format":"standard","meta":{"footnotes":""},"categories":[],"tags":[],"_links":{"self":[{"href":"https:\/\/srcekrajine.org\/index.php?rest_route=\/wp\/v2\/posts\/1346"}],"collection":[{"href":"https:\/\/srcekrajine.org\/index.php?rest_route=\/wp\/v2\/posts"}],"about":[{"href":"https:\/\/srcekrajine.org\/index.php?rest_route=\/wp\/v2\/types\/post"}],"author":[{"embeddable":true,"href":"https:\/\/srcekrajine.org\/index.php?rest_route=\/wp\/v2\/users\/2"}],"replies":[{"embeddable":true,"href":"https:\/\/srcekrajine.org\/index.php?rest_route=%2Fwp%2Fv2%2Fcomments&post=1346"}],"version-history":[{"count":1,"href":"https:\/\/srcekrajine.org\/index.php?rest_route=\/wp\/v2\/posts\/1346\/revisions"}],"predecessor-version":[{"id":1347,"href":"https:\/\/srcekrajine.org\/index.php?rest_route=\/wp\/v2\/posts\/1346\/revisions\/1347"}],"wp:attachment":[{"href":"https:\/\/srcekrajine.org\/index.php?rest_route=%2Fwp%2Fv2%2Fmedia&parent=1346"}],"wp:term":[{"taxonomy":"category","embeddable":true,"href":"https:\/\/srcekrajine.org\/index.php?rest_route=%2Fwp%2Fv2%2Fcategories&post=1346"},{"taxonomy":"post_tag","embeddable":true,"href":"https:\/\/srcekrajine.org\/index.php?rest_route=%2Fwp%2Fv2%2Ftags&post=1346"}],"curies":[{"name":"wp","href":"https:\/\/api.w.org\/{rel}","templated":true}]}}