{"id":1349,"date":"2013-11-07T17:40:04","date_gmt":"2013-11-07T16:40:04","guid":{"rendered":"https:\/\/srcekrajine.org\/?p=1349"},"modified":"2013-11-07T17:40:04","modified_gmt":"2013-11-07T16:40:04","slug":"generalu-trifunovicu-obnova-sudenja-u-hrvatskoj","status":"publish","type":"post","link":"https:\/\/srcekrajine.org\/?p=1349","title":{"rendered":"Generalu Trifunovi\u0107u obnova su\u0111enja u Hrvatskoj"},"content":{"rendered":"<p id=\"article_lead\"><strong>Ve\u010dernji list &#8211; : 6.11.2013 | 13:15<br \/>\n<\/strong><\/p>\n<div><img loading=\"lazy\" decoding=\"async\" alt=\"\" src=\"http:\/\/www.vesti-online.com\/data\/images\/2010-07-14\/78306_vladimir-trifunovic-foto-fonet_f.jpg?ver=1377713569\" width=\"480\" height=\"290\" \/><\/p>\n<div>Osu\u0111en i u Hrvatskoj i u Srbiji:\u00a0Vladimir Trifunovi\u0107<\/div>\n<div>\n<p>Nakon \u0161to je vije\u0107e \u017dupanijskog suda u Vara\u017edinu krajem kolovoza donijelo rje\u0161enje o obnovi sudskog procesa za posljednjeg generala vara\u017edinskog korpusa JNA, Vladu Trifunovi\u0107a, koji je osu\u0111en za ratne zlo\u010dine po\u010dinjene u Vara\u017edinu 1991. godine, vara\u017edinski sud proglasio se nenadle\u017enim u postupku i biv\u0161em generalu najvjerojatnije \u0107e se suditi u Zagrebu.<\/p>\n<div>\u00a0<!--more--><\/div>\n<p>Novo su\u0111enje \u010deka i osu\u0111enog Berislava Popova, komandanta vojarne Kalni\u010dki partizani, i Vladimira Davidovi\u0107a, komandanta vojarne Jalkove\u010dke \u017ertve.<\/p>\n<p>&#8211; Kako se trojica terete za ratne zlo\u010dine, a u me\u0111uvremenu su na sudovima u Zagrebu, Osijeku, Rijeci i Splitu osnovani posebni sudski odjeli za su\u0111enje u ratnim zlo\u010dinima, a \u017dupanijski sud u Vara\u017edinu nema takav sudski odjel, smatramo da nije nadle\u017ean postupiti u ovom predmetu \u2013 stoji u obrazlo\u017eenju ove odluke koju je \u017dupanijski sud u Vara\u017edinu donio u ponedjeljak 4. studenoga.<\/p>\n<p>Trojica su u Vara\u017edinu 1993. osu\u0111ena zbog ratnog zlo\u010dina protiv civilnog stanovni\u0161tva u Vara\u017edinu na ukupno 40 godina kazne.Trifunovi\u0107 i Popov &#8222;dobili su&#8220; po 15, a Davidovi\u0107 10 godina zatvora.<\/p>\n<\/div>\n<\/div>\n","protected":false},"excerpt":{"rendered":"<p>Ve\u010dernji list &#8211; : 6.11.2013 | 13:15 Osu\u0111en i u Hrvatskoj i u Srbiji:\u00a0Vladimir Trifunovi\u0107 Nakon \u0161to je vije\u0107e \u017dupanijskog suda u Vara\u017edinu krajem kolovoza donijelo rje\u0161enje o obnovi sudskog procesa za posljednjeg generala vara\u017edinskog korpusa JNA, Vladu Trifunovi\u0107a, koji je osu\u0111en za ratne zlo\u010dine po\u010dinjene u Vara\u017edinu 1991. godine, vara\u017edinski sud proglasio se nenadle\u017enim [&hellip;]<\/p>\n","protected":false},"author":2,"featured_media":0,"comment_status":"open","ping_status":"closed","sticky":false,"template":"","format":"standard","meta":{"footnotes":""},"categories":[],"tags":[],"_links":{"self":[{"href":"https:\/\/srcekrajine.org\/index.php?rest_route=\/wp\/v2\/posts\/1349"}],"collection":[{"href":"https:\/\/srcekrajine.org\/index.php?rest_route=\/wp\/v2\/posts"}],"about":[{"href":"https:\/\/srcekrajine.org\/index.php?rest_route=\/wp\/v2\/types\/post"}],"author":[{"embeddable":true,"href":"https:\/\/srcekrajine.org\/index.php?rest_route=\/wp\/v2\/users\/2"}],"replies":[{"embeddable":true,"href":"https:\/\/srcekrajine.org\/index.php?rest_route=%2Fwp%2Fv2%2Fcomments&post=1349"}],"version-history":[{"count":1,"href":"https:\/\/srcekrajine.org\/index.php?rest_route=\/wp\/v2\/posts\/1349\/revisions"}],"predecessor-version":[{"id":1350,"href":"https:\/\/srcekrajine.org\/index.php?rest_route=\/wp\/v2\/posts\/1349\/revisions\/1350"}],"wp:attachment":[{"href":"https:\/\/srcekrajine.org\/index.php?rest_route=%2Fwp%2Fv2%2Fmedia&parent=1349"}],"wp:term":[{"taxonomy":"category","embeddable":true,"href":"https:\/\/srcekrajine.org\/index.php?rest_route=%2Fwp%2Fv2%2Fcategories&post=1349"},{"taxonomy":"post_tag","embeddable":true,"href":"https:\/\/srcekrajine.org\/index.php?rest_route=%2Fwp%2Fv2%2Ftags&post=1349"}],"curies":[{"name":"wp","href":"https:\/\/api.w.org\/{rel}","templated":true}]}}