{"id":1356,"date":"2013-11-12T13:30:37","date_gmt":"2013-11-12T12:30:37","guid":{"rendered":"https:\/\/srcekrajine.org\/?p=1356"},"modified":"2013-11-12T13:30:37","modified_gmt":"2013-11-12T12:30:37","slug":"srbi-krivi-za-sve","status":"publish","type":"post","link":"https:\/\/srcekrajine.org\/?p=1356","title":{"rendered":"Srbi krivi za sve?!"},"content":{"rendered":"<p>&nbsp;<\/p>\n<p><a title=\"Podsetio na \u010dinjenice... Ivica Da\u010di\u0107 na Novom groblju\" href=\"http:\/\/images2.kurir-info.rs\/slika-900x608\/ivica-dacic-1384205276-395695.jpg\"> <img decoding=\"async\" alt=\"Podsetio na \u010dinjenice... Ivica Da\u010di\u0107 na Novom groblju\" src=\"http:\/\/images2.kurir-info.rs\/slika-620x419\/ivica-dacic-1384205276-395695.jpg\" \/><\/a>BEOGRAD &#8211; Jo\u0161 samo da nas okrive za <strong>tajfun na Filipinima.<\/strong><br \/>\nAko onima koji uporno poku\u0161avaju da iskrive \u010dinjenice o Prvom svetskom ratu po\u0111e za rukom da na Srbiju svale krivicu za njegovo izbijanje, Srbi bi mogli da budu progla\u0161eni za uzro\u010dnika svih velikih kriza i nevolja, ocenjuju istori\u010dari.<br \/>\n<!--more--><br \/>\n<strong>Iskrivljavanje istorije<\/strong><\/p>\n<p>Premijer Ivica Da\u010di\u0107 izjavio je ju\u010de, povodom obele\u017eavanja 95 godina od potpisivanja primirja u Prvom svetskom ratu, da je svaki poku\u0161aj ozna\u010davanja Srbije kao <strong>krivca za Prvi svetski rat<\/strong> &#8211; iskrivljavanje i revizija istorije. Ta\u010dno se zna da je taj rat bio izraz ekspanzionizma<strong> Nema\u010dke i Austrougarske<\/strong>, rekao je premijer i dodao da su oni koji bi krivicu da prebace na drugog postojali oduvek.<\/p>\n<p>&#8211; To bi bilo kao kada bi neko sada optu\u017eio Poljsku da je kriva za Drugi svetski rat jer nije bila konstruktivna &#8211; rekao je Da\u010di\u0107 i podsetio da je atentatu u <strong>Sarajevu prethodilo pripajanje BiH.<\/strong><\/p>\n<p><strong>Bez ga\u017eenja dr\u017eava<\/strong><\/p>\n<p>Predsednik Srbije <strong>Tomislav Nikoli\u0107 <\/strong>je poru\u010dio da ne sme da se insistira na nasilnom menjanju istorije i da nema pomirenja nau\u0161trb istine i pravde.<br \/>\n&#8211; Pomirenje, na kojem se s pravom insistira u dana\u0161nje vreme, ne sme ponovo da pogazi male dr\u017eave i narode &#8211; rekao je Nikoli\u0107.<\/p>\n<p>Na pitanje \u0161ta ako nekom ipak uspe da napravi reviziju istorije, istori\u010dar Mom\u010dilo Pavlovi\u0107 ka\u017ee da Srbija mo\u017ee da bude progla\u0161ena \u201eza stereotip izaziva\u010da velikih kriza i ratova\u201c. On ocenjuje da je prikriveni cilj revizionista da sistem vrednosti iz ratnih devedesetih na prostoru biv\u0161e SFRJ promovi\u0161u kao sistem vrednosti uo\u010di izbijanja Prvog svetskog rata.<\/p>\n<p>Istori\u010dar \u010cedomir Anti\u0107 napominje da je u evropskoj i ameri\u010dkoj javnosti glavno pitanje koja je od velikih sila odgovorna za izbijanje tzv. Velikog rata, a da je Srbija u tome sporedni \u010dinilac.<br \/>\n&#8211; Ako bi uspeli da se doka\u017eu krivicu Rusije ili Srbije, neprincipijelna politika Nema\u010dke imala bi jo\u0161 jedno opravdanje &#8211; ka\u017ee Anti\u0107.<\/p>\n<p><strong>Interesi Nema\u010dke<\/strong><\/p>\n<p>On podse\u0107a da je nema\u010dki istori\u010dar Fric Fi\u0161er dokazao da je Nema\u010dka bila pokreta\u010d i uzrok izbijanja ovog rata.<br \/>\nAkademik Dragoljub \u017divojinovi\u0107 tako\u0111e ocenjuje da bi Nema\u010dka \u017eelela da se oslobodi stigme da je odgovorna za dva svetska rata, ali veruje da velike sile pobednice ne\u0107e pristati na reviziju istorije.<br \/>\n&#8211; Poku\u0161aja revizije istorije je uvek bilo, naj\u010de\u0161\u0107e od pora\u017eenih strana &#8211; ka\u017ee \u017divojinovi\u0107 ali, isti\u010de, ne mo\u017ee da zna da li neka zemlja ne\u0107e pokleknuti pod nema\u010dkim pritiskom.<\/p>\n<p>&nbsp;<\/p>\n","protected":false},"excerpt":{"rendered":"<p>&nbsp; BEOGRAD &#8211; Jo\u0161 samo da nas okrive za tajfun na Filipinima. Ako onima koji uporno poku\u0161avaju da iskrive \u010dinjenice o Prvom svetskom ratu po\u0111e za rukom da na Srbiju svale krivicu za njegovo izbijanje, Srbi bi mogli da budu progla\u0161eni za uzro\u010dnika svih velikih kriza i nevolja, ocenjuju istori\u010dari.<\/p>\n","protected":false},"author":2,"featured_media":0,"comment_status":"open","ping_status":"closed","sticky":false,"template":"","format":"standard","meta":{"footnotes":""},"categories":[],"tags":[],"_links":{"self":[{"href":"https:\/\/srcekrajine.org\/index.php?rest_route=\/wp\/v2\/posts\/1356"}],"collection":[{"href":"https:\/\/srcekrajine.org\/index.php?rest_route=\/wp\/v2\/posts"}],"about":[{"href":"https:\/\/srcekrajine.org\/index.php?rest_route=\/wp\/v2\/types\/post"}],"author":[{"embeddable":true,"href":"https:\/\/srcekrajine.org\/index.php?rest_route=\/wp\/v2\/users\/2"}],"replies":[{"embeddable":true,"href":"https:\/\/srcekrajine.org\/index.php?rest_route=%2Fwp%2Fv2%2Fcomments&post=1356"}],"version-history":[{"count":1,"href":"https:\/\/srcekrajine.org\/index.php?rest_route=\/wp\/v2\/posts\/1356\/revisions"}],"predecessor-version":[{"id":1357,"href":"https:\/\/srcekrajine.org\/index.php?rest_route=\/wp\/v2\/posts\/1356\/revisions\/1357"}],"wp:attachment":[{"href":"https:\/\/srcekrajine.org\/index.php?rest_route=%2Fwp%2Fv2%2Fmedia&parent=1356"}],"wp:term":[{"taxonomy":"category","embeddable":true,"href":"https:\/\/srcekrajine.org\/index.php?rest_route=%2Fwp%2Fv2%2Fcategories&post=1356"},{"taxonomy":"post_tag","embeddable":true,"href":"https:\/\/srcekrajine.org\/index.php?rest_route=%2Fwp%2Fv2%2Ftags&post=1356"}],"curies":[{"name":"wp","href":"https:\/\/api.w.org\/{rel}","templated":true}]}}