{"id":1370,"date":"2013-11-20T20:19:34","date_gmt":"2013-11-20T19:19:34","guid":{"rendered":"https:\/\/srcekrajine.org\/?p=1370"},"modified":"2013-11-20T20:19:34","modified_gmt":"2013-11-20T19:19:34","slug":"hrvatska-ojacala-tim-za-tuzbu-protiv-srbije","status":"publish","type":"post","link":"https:\/\/srcekrajine.org\/?p=1370","title":{"rendered":"Hrvatska oja\u010dala tim za tu\u017ebu protiv Srbije"},"content":{"rendered":"<div id=\"newsContent\">\n<div><img decoding=\"async\" alt=\"...\" src=\"http:\/\/www.rtv.rs\/sr_lat\/politika\/slike\/2013\/10\/10\/medjunarodni-sud-pravde-srbija-hrvatska_660x330.jpg\" border=\"0\" \/><\/div>\n<p>Tim zadu\u017een za usmenu raspravu pred Sudom u Hagu \u010dine profesor me\u0111unarodnog prava na Pravnom fakultetu u Rijeci Vesna Crni\u0107-Groti\u0107, pomo\u0107nica ministra spoljnih poslova Andreja Metelko-Zgombi\u0107, na\u010delnica u Ministarstvu pravosu\u0111a Jana \u0160pero i profesor me\u0111unarodnog prava na Pravnom fakultetu u Zagrebu Davorin Lapa\u0161.<!--more--><\/p>\n<p>Profesor Mirjan Dama\u0161ka u\u010destvuje u pravnom timu u svojstvu pravnog savetnika, dok su strani partneri u procesu advokati iz Velike Britanije specijalizovani za pitanja me\u0111unarodnog prava D\u017eejms Kraford, Filip Sands i Kir Starmer, pi\u0161e zagreba\u010dki &#8222;Jutarnji list&#8220;.<\/p>\n<p>Zadatak ovog tima je da predstavi tu\u017ebu za genocid na najbolji mogu\u0107i na\u010din i obasniti svetu \u0161ta se zaista dogodilo. Nakon zavr\u0161etka usmenog dela rasprave, svi materijali koji su godinama prikupljani posta\u0107e javni.<\/p>\n<p>&#8222;Nezavisno od tu\u017ebe, preduze\u0107emo sve za \u0161to efikasniji progon ratnih zlo\u010dina&#8220;, poru\u010dio je hrvatski ministar pravosu\u0111a Orsat Miljeni\u0107.<\/p>\n<p>Hrvatska je tu\u017ebu za genocid protiv Srbije podnela 1999. godine, a za nju se nadle\u017enim 2008. godine proglasio Me\u0111unarodni sud pravde u Hagu.<\/p>\n<p>&nbsp;<\/p>\n<div>11. novembar 2013. | 11:21 |\u00a0Izvor: Tanjug<\/div>\n<\/div>\n","protected":false},"excerpt":{"rendered":"<p>Tim zadu\u017een za usmenu raspravu pred Sudom u Hagu \u010dine profesor me\u0111unarodnog prava na Pravnom fakultetu u Rijeci Vesna Crni\u0107-Groti\u0107, pomo\u0107nica ministra spoljnih poslova Andreja Metelko-Zgombi\u0107, na\u010delnica u Ministarstvu pravosu\u0111a Jana \u0160pero i profesor me\u0111unarodnog prava na Pravnom fakultetu u Zagrebu Davorin Lapa\u0161.<\/p>\n","protected":false},"author":2,"featured_media":0,"comment_status":"open","ping_status":"closed","sticky":false,"template":"","format":"standard","meta":{"footnotes":""},"categories":[],"tags":[],"_links":{"self":[{"href":"https:\/\/srcekrajine.org\/index.php?rest_route=\/wp\/v2\/posts\/1370"}],"collection":[{"href":"https:\/\/srcekrajine.org\/index.php?rest_route=\/wp\/v2\/posts"}],"about":[{"href":"https:\/\/srcekrajine.org\/index.php?rest_route=\/wp\/v2\/types\/post"}],"author":[{"embeddable":true,"href":"https:\/\/srcekrajine.org\/index.php?rest_route=\/wp\/v2\/users\/2"}],"replies":[{"embeddable":true,"href":"https:\/\/srcekrajine.org\/index.php?rest_route=%2Fwp%2Fv2%2Fcomments&post=1370"}],"version-history":[{"count":1,"href":"https:\/\/srcekrajine.org\/index.php?rest_route=\/wp\/v2\/posts\/1370\/revisions"}],"predecessor-version":[{"id":1371,"href":"https:\/\/srcekrajine.org\/index.php?rest_route=\/wp\/v2\/posts\/1370\/revisions\/1371"}],"wp:attachment":[{"href":"https:\/\/srcekrajine.org\/index.php?rest_route=%2Fwp%2Fv2%2Fmedia&parent=1370"}],"wp:term":[{"taxonomy":"category","embeddable":true,"href":"https:\/\/srcekrajine.org\/index.php?rest_route=%2Fwp%2Fv2%2Fcategories&post=1370"},{"taxonomy":"post_tag","embeddable":true,"href":"https:\/\/srcekrajine.org\/index.php?rest_route=%2Fwp%2Fv2%2Ftags&post=1370"}],"curies":[{"name":"wp","href":"https:\/\/api.w.org\/{rel}","templated":true}]}}