{"id":1393,"date":"2013-11-29T10:37:46","date_gmt":"2013-11-29T09:37:46","guid":{"rendered":"https:\/\/srcekrajine.org\/?p=1393"},"modified":"2013-11-29T10:37:46","modified_gmt":"2013-11-29T09:37:46","slug":"nisam-hrvatica","status":"publish","type":"post","link":"https:\/\/srcekrajine.org\/?p=1393","title":{"rendered":"NISAM HRVATICA!"},"content":{"rendered":"<div><a href=\"http:\/\/www.novosti.rs\/upload\/images\/2013\/\/11\/28\/rudan1.jpg\"><img decoding=\"async\" alt=\" Vedrana Rudan\" src=\"http:\/\/www.novosti.rs\/upload\/thumbs\/images\/2013\/\/11\/28\/rudan1_620x0.jpg\" \/><\/a><\/div>\n<p>rudan.info<\/p>\n<p>Voljela bih da negdje postoji knji\u017eica, pedesetak stranica, mali smo narod, u kojoj bi pisalo tko su hrvati. Za sve one koji \u017eive u ovoj zemlji a ni\u0161ta ne znaju o hrvatima. <!--more--><\/p>\n<p>Hrvati su bi\u0107a koja su se u svojoj povijesti uvijek najugodnije osje\u0107ala u mo\u0107noj tu\u0111oj guzici. Austrijskoj, talijanskoj, ma\u0111arskoj, njema\u010dkoj, ameri\u010dkoj a posebno u EU guzi\u010detini. Bar tako govore. Iz jugoslavenske su iza\u0161li razaraju\u0107i joj hemoroide i najzad postali \u201csvoj na svome\u201d.<\/p>\n<p>\u201cSvoj na svome\u201d bili su i za vrijeme NDH. Hrvatske kame rezale su srpske, ciganske, \u017eidovske i krivomisle\u0107e hrvatske vratove s tolikim u\u017eitkom da je Hitler osobno zamolio Paveli\u0107a da oladi svoje de\u010dke. Zanimljiv je i podatak da je u NDH postojao jedini <strong>dje\u010dji<\/strong> koncentracijski logor u Evropi. Da li su hrvati slu\u010dajno pred \u0161ezdesetak godina bili zlo\u010dinci? Takvo je vrijeme bilo? Da je to istina ne bi danas nogometa\u0161 neandertalac kome je kvocijent inteligencije manji od broja cipela pozivao na klanje. Neandertalac? Prejaka rije\u010d. Nije jedini urlao. Tisu\u0107e ljudi razdragano je odgovaralo na usta\u0161ki pokli\u010d.<\/p>\n<p>\u0160to su hrvati \u010dinili kad su krvave nju\u0161ke izvukli iz jugoslavenske guzice? Sje\u0107a li se itko? Da li nam je to problem? Norac je i danas heroj iako je nevinoj \u017eeni spra\u0161io metak u glavu. Dok je slu\u017eio robiju uspio se vjen\u010dati, dobiti djecu i izgraditi ku\u0107u. Ju\u010der sam na ekranu vidjela Antuna Vrdoljaka. \u010covjek Za Sva Vremena urlao je na nekog sirotana ispunjen hrvatstvom toliko da su mu gotovo o\u010di isko\u010dile iz glave.<\/p>\n<p>Antun Vrdoljak, mrzitelj svake ko\u017ee koja nije bijela poput \u201ckockice\u201d na hrvatskoj zastavi, Vrdoljak koji je devedeset i prve HRT o\u010distio od svega \u0161to je smrdilo na srpsko i sve krivomisle\u0107e hrvatsko jo\u0161 uvijek nam je heroj a ne zlo\u010dinac. Hrvati vjeruju u boga a ne vide \u0161to im rade popovi lopovi, hrvati su lizali cipele Tu\u0111manu, Titovom generalu koji je po Hrvatskoj sadio vrbe ali je pazio da se njegovi unuci na njima ne zanji\u0161u, hrvati se tresu pred svakim tko bi im mogao razbiti zube a pjena im navre iz bijesnih usta kad pred sobom nanju\u0161e nemo\u0107ne.<\/p>\n<p>Smrt pederima! Ajmo na referendum! Glasajmo ZA! Glasajmo ZA! Glasajmo ZA! Da kojim slu\u010dajem u Hrvatskoj \u017eive samo pederi Amerikanci hrvati bi istim bolesnim \u017earom glasali PROTIV. Dodu\u0161e, u tom slu\u010daju referenduma ne bi bilo.<\/p>\n<p>Mo\u017eda, mo\u017eda su hrvati poput ostalih ljudskih bi\u0107a, Nijemaca, Ma\u0111ara, Francuza\u2026 Mo\u017eda samo opet \u017eivimo u vremenu kad fa\u0161izam guta zemlju po zemlju, \u010dovjeka po \u010dovjeka. Mo\u017eda nema genetskih zlo\u010dinaca. Mo\u017eda. Ipak, kad bacim oko na povijest svoga naroda koje se ogromna ve\u0107ina gra\u0111ana ove zemlje ne stidi po\u017eelim svojoj unuci poslati poruku.<\/p>\n<p>Mala, tvoja nona NIJE HRVATICA. I time se ponosi.<\/p>\n","protected":false},"excerpt":{"rendered":"<p>rudan.info Voljela bih da negdje postoji knji\u017eica, pedesetak stranica, mali smo narod, u kojoj bi pisalo tko su hrvati. Za sve one koji \u017eive u ovoj zemlji a ni\u0161ta ne znaju o hrvatima.<\/p>\n","protected":false},"author":2,"featured_media":0,"comment_status":"open","ping_status":"closed","sticky":false,"template":"","format":"standard","meta":{"footnotes":""},"categories":[],"tags":[],"_links":{"self":[{"href":"https:\/\/srcekrajine.org\/index.php?rest_route=\/wp\/v2\/posts\/1393"}],"collection":[{"href":"https:\/\/srcekrajine.org\/index.php?rest_route=\/wp\/v2\/posts"}],"about":[{"href":"https:\/\/srcekrajine.org\/index.php?rest_route=\/wp\/v2\/types\/post"}],"author":[{"embeddable":true,"href":"https:\/\/srcekrajine.org\/index.php?rest_route=\/wp\/v2\/users\/2"}],"replies":[{"embeddable":true,"href":"https:\/\/srcekrajine.org\/index.php?rest_route=%2Fwp%2Fv2%2Fcomments&post=1393"}],"version-history":[{"count":1,"href":"https:\/\/srcekrajine.org\/index.php?rest_route=\/wp\/v2\/posts\/1393\/revisions"}],"predecessor-version":[{"id":1394,"href":"https:\/\/srcekrajine.org\/index.php?rest_route=\/wp\/v2\/posts\/1393\/revisions\/1394"}],"wp:attachment":[{"href":"https:\/\/srcekrajine.org\/index.php?rest_route=%2Fwp%2Fv2%2Fmedia&parent=1393"}],"wp:term":[{"taxonomy":"category","embeddable":true,"href":"https:\/\/srcekrajine.org\/index.php?rest_route=%2Fwp%2Fv2%2Fcategories&post=1393"},{"taxonomy":"post_tag","embeddable":true,"href":"https:\/\/srcekrajine.org\/index.php?rest_route=%2Fwp%2Fv2%2Ftags&post=1393"}],"curies":[{"name":"wp","href":"https:\/\/api.w.org\/{rel}","templated":true}]}}