{"id":1410,"date":"2013-12-03T12:16:47","date_gmt":"2013-12-03T11:16:47","guid":{"rendered":"https:\/\/srcekrajine.org\/?p=1410"},"modified":"2013-12-03T12:17:37","modified_gmt":"2013-12-03T11:17:37","slug":"rodoljublje-postalo-izdaja-evropejstva","status":"publish","type":"post","link":"https:\/\/srcekrajine.org\/?p=1410","title":{"rendered":"Rodoljublje postalo izdaja evropejstva"},"content":{"rendered":"<div>\n<div><\/div>\n<div><a href=\"http:\/\/novosti.rs\/upload\/images\/2013\/\/12\/02n\/11karikatura.jpg\"><img decoding=\"async\" alt=\" Karikatura To\u0161o Borkovi\u0107\" src=\"http:\/\/novosti.rs\/upload\/thumbs\/images\/2013\/\/12\/02n\/11karikatura_620x0.jpg\" \/><\/a><\/div>\n<p>Karikatura To\u0161o Borkovi\u0107<\/p>\n<p><span>ZA evropejce, nacionalisti i patriote su \u0161ovinisti, retrogradne snage, sile mraka&#8230; Za rodoljube, evropejci su strani pla\u0107enici, izdajnici, zapadni \u0161pijuni&#8230; Sukob izme\u0111u \u201etradicionalista\u201c i \u201emodernista\u201c vu\u010de korene jo\u0161 iz 19. veka, i, uz minimalne predahe, intenzivno traje, povremeno se rasplamsavaju\u0107i do usijanja.<\/span><\/p>\n<div><span style=\"text-decoration: underline\"><em>\u00a0V. Crnjanski Spasojevi\u0107 | 02. decembar 2013<\/em><\/span><!--more--><\/div>\n<p><span>Kada jedan Francuz ka\u017ee: \u201ePonosan sam \u0161to sam Francuz i pripadam naciji koja je dala Napoleona, Lujeve, Voltera, Molijera, najpoznatije slikare\u201c, on je \u0161armantni patriota koji neguje evropske vrednosti. Uprkos tome \u0161to je Napoleon svojevremeno pokorio pola Evrope. Kada Srbin ka\u017ee: \u201ePonosan sam \u0161to sam Srbin, \u0161to je srpska dr\u017eava jedna od najstarijih nezavisnih zemalja u regionu, \u0161to je car Du\u0161an jo\u0161 u ono vreme doneo moderan zakonik, \u0161to su Srbi bili na pobedni\u010dkoj strani u oba rata, a tokom Drugog svetkog rata imali dva antifa\u0161isti\u010dka pokreta\u201c, on je antievropejac zagledan u pro\u0161lost, zvecka oru\u017ejem i vra\u0107a naciju u mra\u010dne devedesete.<\/span><\/p>\n<p><span>Da li je rodoljublje samo u Srbiji nazadna i nepo\u017eeljna kategorija? Da li je ono samo ovde antievropsko? Da li su na dve Srbije podeljene samo elite ili i narod?<\/span><\/p>\n<div><span><img loading=\"lazy\" decoding=\"async\" alt=\"\" src=\"http:\/\/novosti.rs\/upload\/images\/2013\/\/12\/02n\/11dusan-prorokovic.jpg\" width=\"197\" height=\"272\" \/><\/span><\/div>\n<p><span>&#8211; U celoj Evropi primetan je sukob tradicionalnog i liberalnog, ali su <\/span><span>u Srbiji u pozadini toga geopoliti\u010dki razlozi &#8211; obja\u0161njava Du\u0161an Prorokovi\u0107, izvr\u0161ni direktor Centra za strate\u0161ke alternative. <\/span><\/p>\n<p><span>&#8211; U celoj Isto\u010dnoj Evropi nacionalizmi su bili po\u017eeljni kad je Zapad ru\u0161io SSSR, samo su srpski i ruski bili nepo\u017eeljni. Ruski jer je podr\u017eavao ja\u010danje Sovjetskog Saveza, a srpski jer je pomagao u ja\u010danju ruskog uticaja na Balkanu.<\/span><\/p>\n<p><span>Jo\u0161 je Jovan Cviji\u0107 zapazio postojanje dva mentaliteta &#8211; dinarskog, koji ni po koju cenu ne odustaje od tradicionalnog, i rajinskog, koji je podlo\u017eniji uticajima sa strane. Me\u0111utim, po Prorokovi\u0107u, ova podela u samom narodu nikada nije bila tako izra\u017eena kao izme\u0111u elite i naroda:<\/span><\/p>\n<p><span>&#8211; Prozapadna elita je oduvek pokazivala odvratnost prema tradicionalnom i patriotskom, jer je Zapad vr\u0161io pritisak isklju\u010divo preko elita i medija. U poslednjih pet godina, ipak se uspostavlja novi balans i deo elite naginje ka Rusiji.<\/span><\/p>\n<p><span>Prorokovi\u0107 konstatuje da je pritisak protiv tradicionalnih vrednosti i na samom Zapadu pre\u0161ao sve granice, pa je tako u Francuskoj milion i po ljudi protestovalo protiv gej brakova, a Gvido Vestervele dobio je tri puta manju podr\u0161ku na izborima.<\/span><\/p>\n<div><span><img loading=\"lazy\" decoding=\"async\" alt=\"\" src=\"http:\/\/novosti.rs\/upload\/images\/2013\/\/12\/02n\/11Ljubisa-Despotovic.jpg\" width=\"207\" height=\"291\" \/><\/span><\/div>\n<div><span>Prof. dr Ljubi\u0161a Despotovi\u0107, sociolog politike, smatra da je ovde rodoljublje postalo \u201enekorektan politi\u010dki stav\u201c, a za to postoji vi\u0161e uzroka:<\/span><span>&#8211; Prvi je razgradnja nacionalne dr\u017eave, koja je po\u010dela 1. decembra 1918, i nastavila se kroz Kraljevinu, pa kroz Brozovu Jugoslaviju. Nju je pratila razgradnja nacije u korist integrativnog jugoslovenstva &#8211; da se na\u0161i ratni neprijatelji ne bi ose\u0107ali lo\u0161e, i da se zaboravi ko je bio na kojoj strani.<\/span><span>Nacija i dr\u017eava su i dalje razgra\u0111ene, jer ne znamo, po Despotovi\u0107u, ni gde su nam granice, ni kom geopoliti\u010dkom krugu \u017eelimo da pripadamo &#8211; evroazijskom ili evroatlantskom:<\/span><\/p>\n<p><span>&#8211; Jedan od uzroka je i razgradnja verskog identiteta, pa smo tako u 21. vek u\u0161li kao repaganizovani demos, koji poku\u0161ava da se rehristijanizuje. Razgra\u0111ena nam je i nacionalna elita, a \u201eulaznica\u201c u elitne krugove podrazumevala je prihvatanje prvo internacionalnog liberalizma, pa komunizma, pa globalizma&#8230; Dominacija internacionalnih ideologija zarad razli\u010ditih ciljeva potisnula je nacionalno i rodoljubivo.<\/span><\/p>\n<p><span>Zato, nacionalno, kad poku\u0161ava da se rekonstrui\u0161e, biva obele\u017eeno kao retrogradno, degenerativno i pretnja modernizmu.<\/span><\/p>\n<div><span><img loading=\"lazy\" decoding=\"async\" alt=\"\" src=\"http:\/\/novosti.rs\/upload\/images\/2013\/\/12\/02n\/11vladimir-todoric.jpg\" width=\"190\" height=\"261\" \/><\/span><\/div>\n<p><span>Nasuprot njima, analiti\u010dar Vladimir Todori\u0107 smatra da srpski <\/span><span>patriotizam ne mora uvek da bude suprotan evropejstvu, a kroz istoriju za njega \u010desto nismo dobijali podr\u0161ku velikih sila isklju\u010divo zarad njihovih trenutnih interesa:<\/span><\/p>\n<p><span>&#8211; Srbija nije dobila podr\u0161ku od Evrope kada se osloba\u0111ala od Turaka, jer je velikim silama bio potreban prolaz kroz Bosfor i Dardanele. Zbog toga je i Rusija za\u017emurila na austrugarsku aneksiju BiH. Iz sopstvenih interesa neke zemlje su nas 27. marta 1941. gurnule u sukob sa Nema\u010dkom. Zato moramo da na\u0111emo optimalni na\u010din da se usaglasimo sa Evropom.<\/span><\/p>\n<p><span>Todori\u0107 dodaje da nije uvek mogu\u0107e ostvariti sve \u0161to u odre\u0111enom trenutku \u017eelimo, jer \u0107emo u suprotnom ugroziti ve\u0107 ostvareno:<\/span><\/p>\n<p><span>&#8211; Ako neko mobili\u0161e rodoljubive snage s politi\u010dkim ciljem, odnosno zbog izazivanja konflikta, taj \u010dini lo\u0161e sopstvenom narodu. On nije antievropljanin, on je manipulator, a takvih ima i u Evropi.<\/span><br \/>\n<b>DISKONTINUITET<\/b><\/p>\n<p>ZA razliku od Srbije, prema Despotovi\u0107evom mi\u0161ljenju, ostale evropske zemlje nemaju problem sa \u017eigosanjem rodoljublja, jer nisu imale konstantan diskontinuitet.<\/p>\n<p>A nas je vazda ne\u0161to prekidalo: pred kraj 19. veka bili smo na korak do modernizacije dr\u017eave, \u0161kole, vojske, kada su nas sa\u010dekali prvo balkanski, a zatim i Prvi svetski rat. Od njega se nismo oporavili, a usledili su Drugi svetski rat i dolazak komunizma&#8230;<\/p>\n<\/div>\n<\/div>\n","protected":false},"excerpt":{"rendered":"<p>Karikatura To\u0161o Borkovi\u0107 ZA evropejce, nacionalisti i patriote su \u0161ovinisti, retrogradne snage, sile mraka&#8230; Za rodoljube, evropejci su strani pla\u0107enici, izdajnici, zapadni \u0161pijuni&#8230; Sukob izme\u0111u \u201etradicionalista\u201c i \u201emodernista\u201c vu\u010de korene jo\u0161 iz 19. veka, i, uz minimalne predahe, intenzivno traje, povremeno se rasplamsavaju\u0107i do usijanja. \u00a0V. Crnjanski Spasojevi\u0107 | 02. decembar 2013<\/p>\n","protected":false},"author":2,"featured_media":0,"comment_status":"open","ping_status":"closed","sticky":false,"template":"","format":"standard","meta":{"footnotes":""},"categories":[],"tags":[],"_links":{"self":[{"href":"https:\/\/srcekrajine.org\/index.php?rest_route=\/wp\/v2\/posts\/1410"}],"collection":[{"href":"https:\/\/srcekrajine.org\/index.php?rest_route=\/wp\/v2\/posts"}],"about":[{"href":"https:\/\/srcekrajine.org\/index.php?rest_route=\/wp\/v2\/types\/post"}],"author":[{"embeddable":true,"href":"https:\/\/srcekrajine.org\/index.php?rest_route=\/wp\/v2\/users\/2"}],"replies":[{"embeddable":true,"href":"https:\/\/srcekrajine.org\/index.php?rest_route=%2Fwp%2Fv2%2Fcomments&post=1410"}],"version-history":[{"count":2,"href":"https:\/\/srcekrajine.org\/index.php?rest_route=\/wp\/v2\/posts\/1410\/revisions"}],"predecessor-version":[{"id":1412,"href":"https:\/\/srcekrajine.org\/index.php?rest_route=\/wp\/v2\/posts\/1410\/revisions\/1412"}],"wp:attachment":[{"href":"https:\/\/srcekrajine.org\/index.php?rest_route=%2Fwp%2Fv2%2Fmedia&parent=1410"}],"wp:term":[{"taxonomy":"category","embeddable":true,"href":"https:\/\/srcekrajine.org\/index.php?rest_route=%2Fwp%2Fv2%2Fcategories&post=1410"},{"taxonomy":"post_tag","embeddable":true,"href":"https:\/\/srcekrajine.org\/index.php?rest_route=%2Fwp%2Fv2%2Ftags&post=1410"}],"curies":[{"name":"wp","href":"https:\/\/api.w.org\/{rel}","templated":true}]}}