{"id":1426,"date":"2013-12-09T08:41:06","date_gmt":"2013-12-09T07:41:06","guid":{"rendered":"https:\/\/srcekrajine.org\/?p=1426"},"modified":"2013-12-09T08:45:25","modified_gmt":"2013-12-09T07:45:25","slug":"nova-oluja","status":"publish","type":"post","link":"https:\/\/srcekrajine.org\/?p=1426","title":{"rendered":"Nova \u201eOluja\u201d"},"content":{"rendered":"<div>\n<h3>Alo! | 08.12.2013<\/h3>\n<h3>Novim hrvatskim zakonom o prebivali\u0161tu preti se da sa spiska budu izbrisani izbegli Srbi ukoliko do kraja ove godine ne prijave privremeni odlazak ili odjave prebivali\u0161te u nadle\u017enim policijskim stanicama\u00a0 ili u konzularnim predstavni\u0161tima zemalja u kojima trenutno \u017eive! Ukoliko to ne u\u010dine do navedenog roka, hrvatske vlasti \u0107e ih izbrisati sa spiska dr\u017eavljana, a prete im i kazne od 70 do 700 evra!<\/h3>\n<p><img decoding=\"async\" alt=\"Oluja Hrvatska\" src=\"http:\/\/www.alo.rs\/resources\/img\/16-11-2012\/home_main\/151820-oluja-foto-reuters.jpg\" \/><\/p>\n<p><em>Ovako su morali da se \u201eodjave\u201c u avgustu 1995. Oko 200.000 izbeglih Srba ni posle 20 godina nije ostvarilo nikakava prava u Hrvatskoj<\/em><\/p>\n<p><em><strong>Ako izbegli do 29. decembra ne prijave privremeni odlazak ili odjave prebivali\u0161te iz Hrvatske, bi\u0107e izbrisani sa spiska dr\u017eavljana<\/strong><\/em><\/p>\n<\/div>\n<p><!--more-->Naime, po novom hrvatskom zakonu, \u010dijem izglasavanju su se protivili predstavnici Srba u Hrvatskoj, svi gra\u0111ani Srbije koji imaju va\u017ee\u0107u hrvatsku li\u010dnu kartu i prebivali\u0161te u toj zemlji, a koji \u017eive van zemlje, moraju do 29. decembra 2013. da prijave privremeni odlazak iz Hrvatske ili da odjave prebivali\u0161te. Ovaj zakon izazvao je pometnju me\u0111u 200.000 izbeglih Srba, od kojih je najve\u0107i broj iz Hrvatske, a koji ni posle 20 godina nisu ostvarili nikakava prava.<\/p>\n<div id=\"insertImage_575385\">\n<p><img decoding=\"async\" alt=\"Du\u0161anka i Milan Pjevalica\" src=\"http:\/\/www.alo.rs\/resources\/img\/01-07-2013\/home_main\/575385-izbeglicki-kamp-300613-ras-foto-dusan-milenkovic-0105.jpg\" \/><\/p>\n<\/div>\n<div>&#8211; Ovo je ne\u010duveno! To je nova \u201cOluja\u201d! Nedavno smo saznali da moramo da odjavimo ili prijavimo prebivali\u0161te kada smo i\u0161li da overimo zdravstvene knji\u017eice. Ako nam oduzmu prebivali\u0161te, ne\u0107emo imati pravo na obnovu ku\u0107a i vra\u0107anje stanova, \u0161to \u010dekamo ve\u0107 18 godina. Tretira\u0107e nas kao strance. Ve\u0107 su nam sve oduzeli i poru\u0161ili, pa jo\u0161 samo fali da nas izbri\u0161u sa lica zemlje! &#8211; ogor\u010dena je grupa izbeglih Srba iz Hrvatske koje smo zatekli u redu ispred jednog od izbegli\u010dkih udru\u017eenja u Beogradu.<\/div>\n<div>Sede glave, koje godinama u izbegli\u010dkim centrima i u privatnim sme\u0161tajima \u017eive ispod granice ljudskog dostojanstva, ka\u017eu da \u201enema \u0161anse\u201c da za 20 dana obave privremenu ili stalnu odjavu niti za to nemaju novca.<\/div>\n<div id=\"insertImage_889618\">\n<p><img decoding=\"async\" alt=\"Miodrag Linta\" src=\"http:\/\/www.alo.rs\/resources\/img\/08-12-2013\/intext_big\/889618-miodrag-linta01-beta-foto-nenad-petrovic.jpg\" \/><\/p>\n<p>Miodrag Linta<\/p>\n<\/div>\n<div>&#8211; Niti znamo \u0161ta nam treba od papira niti imamo para da platimo takse. Taj zakon treba hitno izmeniti, a za one koji ho\u0107e da se za stalno odjave, neka produ\u017ee rok &#8211; ka\u017eu ogor\u010dene izbeglice, ocenjuju\u0107i da je ovo jo\u0161 jedno etni\u010dko \u010di\u0161\u0107enje Srba.<\/div>\n<div>Miodrag Linta, narodni poslanik SNS-a i predsednik Koalicije udru\u017eenja izbeglica u Srbiji, precizira da gra\u0111ani Srbije koji imaju va\u017ee\u0107u hrvatsku li\u010dnu kartu i prebivali\u0161te u toj zemlji do 29. decembra imaju dve mogu\u0107nosti &#8211; da prijave privremeni odlazak iz Hrvatske ili da odjave prebivali\u0161te. Njegova koalicija preporu\u010duje da se gra\u0111ani privremeno odjave na pet godina, koliko predvi\u0111a zakon, i na taj na\u010din zadr\u017ee hrvatsku li\u010dnu kartu.<\/div>\n<div>\n<div>\n<p><strong>Kompromis zbog<\/strong><\/p>\n<p><strong>Hrvata iz BiH<\/strong><br \/>\n\u201eOdavno bi u Hrvatskoj izbrisali Srbe i tra\u017eili im da dostave iz Srbije dokaz da nemaju mesto prebivali\u0161ta, ali to ne smeju da rade zbog Hrvata iz Bosne i Hercegovine, koji tako\u0111e imaju hrvatske papire. Oni otvoreno protestuju, govore\u0107i da su stvarali hrvatsku dr\u017eavu, a da im vra\u0107aju oduzimanjem li\u010dnih karata. Navodno je \u010dak i Katoli\u010dka crkva uticala na Sabor da donese kompromisnu odluku zbog bosanskohercegova\u010dkih Hrvata\u201d, navodi na\u0161 izvor.<\/p>\n<\/div>\n<p>&#8211; To je najpovoljnije re\u0161enje i to mogu \u010diniti li\u010dno u policijskim upravama ili stanicama u Hrvatskoj gde imaju prijavljeno prebivali\u0161te ili u diplomatsko-konzularnim predstavni\u0161tvima Hrvatske (Konzulat Hrvatske u Beogradu, u ulici Kneza Milo\u0161a 82 i Konzulat Hrvatske u Subotici, u ulici Maksima Gorkog 6) &#8211; ka\u017ee Linta i isti\u010de da se privremena odjava mo\u017ee tra\u017eiti ako su osobe u postupku obnove ili stambenog zbrinjavanja, posla, \u0161kolovanja, le\u010denja, nezaposlenosti ili su izdr\u017eavana lica. Zbog gu\u017evi u dva konzulata u Srbiji, Linta \u0107e tra\u017eiti da se rok produ\u017ei na \u0161est meseci. Linta apeluje na sve gra\u0111ane da se jave nadle\u017enim predstavni\u0161tvima kako bi izbegli brisanje sa spiska i nov\u010dane kazne jer \u0107e policija da obavlja terenske provere.<\/p>\n<\/div>\n<div>Ratko Li\u010dina, predstavnik Vlade RSK u progonstvu, ocenjuje da je novi zakon novi atak na proterane Srbe.<\/div>\n<div id=\"insertImage_889626\">\n<p><img decoding=\"async\" alt=\"Ratko Li\u010dina\" src=\"http:\/\/www.alo.rs\/resources\/img\/08-12-2013\/intext_big\/889626-04ratko-licina-predsavnik-vlade-rsk-u-progonstvu.jpg\" \/><\/p>\n<p>Ratko Li\u010dina<\/p>\n<\/div>\n<div>&#8211; Povodom aktuelnog hrvatskog zakona, Vlada RSK smatra da je to \u0161to dana\u0161nja Hrvatska radi u proceduralnom smislu fini\u0161iranje posla zapo\u010detog devedesetih godina pro\u0161log veka, kad su Srbi kao ravnopravan i konstituivan narod izbrisani iz tada\u0161njeg ustava, a zatim i fizi\u010dki etni\u010dki o\u010di\u0161\u0107eni sa tih prostora, posebno u zlo\u010dina\u010dkim operacijama \u201cOluja\u201d i \u201cBljesak\u201d, uz otvorenu podr\u0161ku Zapada i, na\u017ealost, pre\u0107utnu saglasnost vladaju\u0107eg srpskog establi\u0161menta. Svi re\u017eimi u Srbiji su spre\u010davali politi\u010dko organizovanje Kraji\u0161nika i to delovanje su sveli na razna udru\u017eenja i humanitarne organizacije.<\/div>\n<div>Ovakav pristup, koji je prenebregao politi\u010dko i dr\u017eavotvorno delovanje i na\u0161 problem sveo samo na humanitarni i nivo ljudskih prava, unapred je osu\u0111en na propast. Umesto da nasuprot hrvatskog dr\u017eavnog aparata stoji politi\u010dki kolektivitet, sve se svelo na pojedinca koji treba da se nosi sa dr\u017eavom u neravnopravnoj borbi. Pitanje je za\u0161to se ova tema otvara danas, dvadesetak dana pre isticanje roka? \u0160ta se do sad \u010dekalo? Sve navodi na to da se ovde radi o ne\u010dijoj jeftinoj promociji i politi\u010dkom \u0107aru nad nevoljnicima iz okupirane Krajine &#8211; ka\u017ee Ratko Li\u010dina.<\/div>\n<div>\n<p><strong>Ostvaruje se \u017eelja Franje Tu\u0111mana<\/strong><br \/>\nSavo \u0160trbac, predsednik Udru\u017eenja \u201eVeritas\u201c, ka\u017ee da \u0107e se ovim zakonom ostvariti davna\u0161nja \u017eelja pokojnog hrvatskog predsednika Franje Tu\u0111mana da se postotak Srba u Hrvatskoj svede ispod tri odsto.<\/p>\n<div id=\"insertImage_687092\">\n<p><img decoding=\"async\" alt=\"Savo \u0160trbac\" src=\"http:\/\/www.alo.rs\/resources\/img\/28-08-2013\/home_main\/687092-savo-strbac-02-fonet-foto-fonet-medija-centar.jpg\" \/><\/p>\n<p>Savo \u0160trbac | Foto: FoNet<\/p>\n<\/div>\n<p>&#8211; Prema popisu iz 2011, ima ih 4,3 odsto. O tom zakonu se vodila diskusija u Hrvatskoj, u kojoj su Milorad Pupovac i drugi predstavnici Srba predlagali da se izbeglice izuzmu od obaveze dok ne re\u0161e svoja socijalno-ekonomska pitanja. Me\u0111utim, Sabor to nije usvojio i zakon je donet u paketu o zakonu o bira\u010dkim spiskovima. Novina je da hrvatske vlasti mogu da izbri\u0161u ljude sa spiska, a ne kao ranije, kada su se samo li\u010dno mogli odjaviti iz mesta prebivali\u0161ta. Zakon bi bio u redu da na ovim prostorima nije besneo rat. Ovako, napravljeni su propusti i stvoreni problemi &#8211; ka\u017ee \u0160trbac.<\/p>\n<\/div>\n","protected":false},"excerpt":{"rendered":"<p>Alo! | 08.12.2013 Novim hrvatskim zakonom o prebivali\u0161tu preti se da sa spiska budu izbrisani izbegli Srbi ukoliko do kraja ove godine ne prijave privremeni odlazak ili odjave prebivali\u0161te u nadle\u017enim policijskim stanicama\u00a0 ili u konzularnim predstavni\u0161tima zemalja u kojima trenutno \u017eive! Ukoliko to ne u\u010dine do navedenog roka, hrvatske vlasti \u0107e ih izbrisati sa [&hellip;]<\/p>\n","protected":false},"author":2,"featured_media":0,"comment_status":"open","ping_status":"closed","sticky":false,"template":"","format":"standard","meta":{"footnotes":""},"categories":[],"tags":[],"_links":{"self":[{"href":"https:\/\/srcekrajine.org\/index.php?rest_route=\/wp\/v2\/posts\/1426"}],"collection":[{"href":"https:\/\/srcekrajine.org\/index.php?rest_route=\/wp\/v2\/posts"}],"about":[{"href":"https:\/\/srcekrajine.org\/index.php?rest_route=\/wp\/v2\/types\/post"}],"author":[{"embeddable":true,"href":"https:\/\/srcekrajine.org\/index.php?rest_route=\/wp\/v2\/users\/2"}],"replies":[{"embeddable":true,"href":"https:\/\/srcekrajine.org\/index.php?rest_route=%2Fwp%2Fv2%2Fcomments&post=1426"}],"version-history":[{"count":3,"href":"https:\/\/srcekrajine.org\/index.php?rest_route=\/wp\/v2\/posts\/1426\/revisions"}],"predecessor-version":[{"id":1429,"href":"https:\/\/srcekrajine.org\/index.php?rest_route=\/wp\/v2\/posts\/1426\/revisions\/1429"}],"wp:attachment":[{"href":"https:\/\/srcekrajine.org\/index.php?rest_route=%2Fwp%2Fv2%2Fmedia&parent=1426"}],"wp:term":[{"taxonomy":"category","embeddable":true,"href":"https:\/\/srcekrajine.org\/index.php?rest_route=%2Fwp%2Fv2%2Fcategories&post=1426"},{"taxonomy":"post_tag","embeddable":true,"href":"https:\/\/srcekrajine.org\/index.php?rest_route=%2Fwp%2Fv2%2Ftags&post=1426"}],"curies":[{"name":"wp","href":"https:\/\/api.w.org\/{rel}","templated":true}]}}