{"id":1431,"date":"2013-12-10T12:54:39","date_gmt":"2013-12-10T11:54:39","guid":{"rendered":"https:\/\/srcekrajine.org\/?p=1431"},"modified":"2013-12-10T13:36:38","modified_gmt":"2013-12-10T12:36:38","slug":"seselj-oboleo-od-raka","status":"publish","type":"post","link":"https:\/\/srcekrajine.org\/?p=1431","title":{"rendered":"\u0160e\u0161elj oboleo od raka"},"content":{"rendered":"<p>Autor: Ve\u010dernje novosti<\/p>\n<p>E. Radosavljevi\u0107 | 09. decembar 2013<\/p>\n<div><img loading=\"lazy\" decoding=\"async\" alt=\"\" src=\"http:\/\/www.blic.rs\/data\/images\/2012-03-05\/219830_vojislav-seselj04-foto-beta-ap_f.jpg?ver=1386657038\" width=\"470\" height=\"270\" \/><\/p>\n<div>Vojislav \u0160e\u0161elj<\/div>\n<\/div>\n<p>LIDERU radikala Vojislavu \u0160e\u0161elju koji u pritvoru Ha\u0161kog tribunala robija bez presude du\u017ee od deset godina, ozbiljno ugro\u017eeno zdravlje, a prema saznanjima \u201eNovosti\u201c lekari sumnjaju da je oboleo od raka debelog creva.<\/p>\n<div><!--more--><\/div>\n<p>Kako prenose na\u0161i izvori, ovakvu procenu saop\u0161tio je lekar specijalista posle pregleda i hitno nalo\u017eio detaljne pretrage. Ova informacija je \u0160e\u0161eljevoj porodici saop\u0161tena tek u ponedeljak ujutru.<\/p>\n<p>Nije isklju\u010deno da \u0107e prvi \u010dovek SRS vrlo brzo moratida ide na operacioni sto. Ako do\u0111e do takvog ishoda, pretpostavlja se, da \u0107e zahvat biti obavljen u bolnici Bronovo u kojoj su mu sanirani i problemi sa srcem, kada mu je ugra\u0111en pejsmejker.<\/p>\n<p>&#8211; Zate\u010deni smo &#8211; ka\u017ee za \u201eNovosti\u201c blizak \u0160e\u0161eljev prijatelj. &#8211; Nismo mislili da \u0107e i do ovoga do\u0107i. Ali kako da ne odreaguje posle vi\u0161e od decenije tamnovanja i tolikog stresa. Znate i sami da je morao da \u0161trajkuje gla\u0111u da bi se sam branio. I da je imao operaciju srca, da je i gojazan i da mu je kretanje ograni\u010deno. Sve to dovodi do ovakvih problema.<\/p>\n<p>Rak debelog creva samo je jedan od zdravstvenih problema sa kojima se Vojislav \u0160e\u0161elj suo\u010dio tokom boravka u ha\u0161kom pritvoru, ali \u010dini se i da je najozbiljniji do sada. Pro\u0161le godine, po\u010detkom januara, hitno je primljen u bolnicu u Lajdenu zbog problema sa srcem. Kako je tada izjavio jedan od njegovih pravnih savetnika Zoran Krasi\u0107, lekari su mu izvadili iz plu\u0107a nekoliko litara te\u010dnosti. Neposredno pre toga, objasnio je Krasi\u0107, do\u0161lo je do sr\u010danog i plu\u0107nog zastoja.<\/p>\n<p>U martu se njegovo stanje ponovo pogor\u0161alo. Naime, defibrilator koji mu je ugra\u0111en dva meseca ranije, prema tvrdnjama radikala, izazvao je \u0161est elektro\u0161okova kako bi spre\u010dio iznenadnu smrt zbog ubrzanog sr\u010danog ritma. Ispostavilo se da je uzrok svega toga bio neispravan defibrilator koji je tako \u201eodreagovao\u201c zbog pokvarene elektrode.<\/p>\n<p>Zato su lekari morali da obave novu intervenciju i da mu ugrade nov aparat.<\/p>\n<p>Sredinom aprila, radikali su saop\u0161tili da je \u0160e\u0161elj ponovo preba\u010den u bolnicu \u201evan pritvorske jedinice zbog pogor\u0161anog zdravstvenog stanja\u201c. Posle kratkog boravka, vra\u0107en je u pritvor.<\/p>\n<p>&#8211; Osim izra\u017eene aritmije, tahikardije i bradikardije, Vojislav \u0160e\u0161elj ima velikih disajnih problema &#8211; saop\u0161tila je SRS. &#8211; U toku no\u0107i vi\u0161e puta dolazi do potpunog prekida disanja koje mu dodatno ugro\u017eava ve\u0107 te\u0161ko zdravstveno stanje.<\/p>\n","protected":false},"excerpt":{"rendered":"<p>Autor: Ve\u010dernje novosti E. Radosavljevi\u0107 | 09. decembar 2013 Vojislav \u0160e\u0161elj LIDERU radikala Vojislavu \u0160e\u0161elju koji u pritvoru Ha\u0161kog tribunala robija bez presude du\u017ee od deset godina, ozbiljno ugro\u017eeno zdravlje, a prema saznanjima \u201eNovosti\u201c lekari sumnjaju da je oboleo od raka debelog creva.<\/p>\n","protected":false},"author":2,"featured_media":0,"comment_status":"open","ping_status":"closed","sticky":false,"template":"","format":"standard","meta":{"footnotes":""},"categories":[],"tags":[],"_links":{"self":[{"href":"https:\/\/srcekrajine.org\/index.php?rest_route=\/wp\/v2\/posts\/1431"}],"collection":[{"href":"https:\/\/srcekrajine.org\/index.php?rest_route=\/wp\/v2\/posts"}],"about":[{"href":"https:\/\/srcekrajine.org\/index.php?rest_route=\/wp\/v2\/types\/post"}],"author":[{"embeddable":true,"href":"https:\/\/srcekrajine.org\/index.php?rest_route=\/wp\/v2\/users\/2"}],"replies":[{"embeddable":true,"href":"https:\/\/srcekrajine.org\/index.php?rest_route=%2Fwp%2Fv2%2Fcomments&post=1431"}],"version-history":[{"count":3,"href":"https:\/\/srcekrajine.org\/index.php?rest_route=\/wp\/v2\/posts\/1431\/revisions"}],"predecessor-version":[{"id":1434,"href":"https:\/\/srcekrajine.org\/index.php?rest_route=\/wp\/v2\/posts\/1431\/revisions\/1434"}],"wp:attachment":[{"href":"https:\/\/srcekrajine.org\/index.php?rest_route=%2Fwp%2Fv2%2Fmedia&parent=1431"}],"wp:term":[{"taxonomy":"category","embeddable":true,"href":"https:\/\/srcekrajine.org\/index.php?rest_route=%2Fwp%2Fv2%2Fcategories&post=1431"},{"taxonomy":"post_tag","embeddable":true,"href":"https:\/\/srcekrajine.org\/index.php?rest_route=%2Fwp%2Fv2%2Ftags&post=1431"}],"curies":[{"name":"wp","href":"https:\/\/api.w.org\/{rel}","templated":true}]}}