{"id":1437,"date":"2013-12-11T11:38:39","date_gmt":"2013-12-11T10:38:39","guid":{"rendered":"https:\/\/srcekrajine.org\/?p=1437"},"modified":"2013-12-11T11:38:39","modified_gmt":"2013-12-11T10:38:39","slug":"novi-ustaski-val","status":"publish","type":"post","link":"https:\/\/srcekrajine.org\/?p=1437","title":{"rendered":"\u201eNovi usta\u0161ki val\u201d"},"content":{"rendered":"<p>Vedrana Rudan: Danas hrvatski klinci na fudbalskim stadionima urlaju\u0107i slave usta\u0161e iako pojma nemaju ko su one bile. Niko im nije rekao da su neki od na\u0161ih dedova rezali vratove ljudima samo zato jer su bili druge nacije, vere, \u010dudne boje ko\u017ee ili su \u201eneprirodno\u201d voleli.\u2013 \u017darko Puhovski: Svi poku\u0161avaju da ka\u017eu da nisu protiv Srba, ali ipak ne bi hteli \u0107irilicu. Sad se nau\u010dilo da se neke stvari ipak ne smeju re\u0107i javno. Utoliko je stvar manje ru\u017ena nego devedesetih.<\/p>\n<div><img decoding=\"async\" alt=\"\" src=\"http:\/\/static.politika.co.rs\/uploads\/rubrike\/277472\/i\/1\/vedrana.png\" \/><\/p>\n<div>Vedrana Rudan<\/div>\n<div><!--more--><\/div>\n<\/div>\n<div>\n<p>Kada su Dubravku \u0160uicu, hrvatsku poslanicu u Evropskom parlamentu, pitali da li je \u010dula za nedavni ispad fudbalera Josipa \u0160imuni\u0107a na Maksimiru koji je skandirao usta\u0161ki pozdrav: \u201eZa dom spremni\u201d, \u0161to je izazvalo odu\u0161evljenje na tribinama, ona je odgovorila da je najva\u017enije da se Hrvatska plasirala na Svetsko prvenstvo. Ovu \u201eanegdotu\u201d koju je za hrvatski portal Indeks ispri\u010dao Jaroslav Pecnik, profesor, analiti\u010dar i borac za ljudska prava najbolja je slika trenutnog ambijenta u Hrvatskoj.<\/p>\n<p>U\u010destali usta\u0161ki pokli\u010di sa hrvatskih tribina ili pretnje smr\u0107u zaposlenima u Memorijalnom centru Jasenovac nisu, kako bi se o\u010dekivalo, glavne teme u Hrvatskoj. Time se ne bave ni predsednik, ni vlada, ali ni Hrvatska akademija znanosti. U medijima te vesti ne zauzimaju centralna mesta, a polemika izme\u0111u onih koji osu\u0111uju poteze navija\u010da poput Pecnika i knji\u017eevnice Vedrane Rudan koji upozoravaju na fa\u0161izam u Hrvatskoj i onih koji ih brane nazivaju\u0107i ih samo \u201edomoljubnim nagonom sporta\u0161a\u201d, a navija\u010de \u201eTorcide\u201d i \u201eBed blu bojsa\u201d \u201eskupinom koja promi\u0161lja i savr\u0161eno detektira neprijatelja\u201d, preselila se na blogove i portale.<\/p>\n<p>Kako za \u201ePolitiku\u201d ka\u017ee Igor Alborheti, zamenik glavnog urednika \u201eJutarnjeg lista\u201d u tome nema ni\u010dega \u010dudnog jer je logi\u010dno da referendum na kojem su Hrvati rekli \u201ene\u201d gej brakovima bude glavna unutra\u0161njopoliti\u010dka tema po\u0161to ona odre\u0111uje strate\u0161ki put Hrvatske.<\/p>\n<p>\u201eNe bi trebalo stvarati histeriju u Beogradu ovim povodom. I mi bismo mogli da pitamo kako to izjava predsednika Nikoli\u0107a da Bunjevci nisu Hrvati nije kod vas centralna tema, a ovde je izazvala toliko uzbu\u0111enja\u201d, ka\u017ee Alborheti.<\/p>\n<p>Prete\u0107e poruke zaposlenima u spomen-parku Jasenovac koji su zbog kritike na ra\u010dun navija\u010da nazvani antihrvatima i izdajnicima su, kako ocenjuje, manji incidenti.<\/p>\n<p>\u201eSu\u0161tinski, dru\u0161tveno to nisu va\u017ene teme. Takve stvari se doga\u0111aju\u201d, kategori\u010dan je Alborheti i kao dokaz da ovakvim ispadima ne bi trebalo pridavati previ\u0161e zna\u010daja navodi \u010dinjenicu da na izborima tek pet odsto bira\u010da glasa za ultradesni\u010darske partije.<\/p>\n<p>Za profesora \u017darka Puhovskog problem je \u0161to je takvo pona\u0161anje postalo \u201enormalno\u201d pa se ispadi poput navija\u010dkih vi\u0161e ne do\u017eivljavaju kao neka vrsta skandala na koji bi trebalo reagovati.<\/p>\n<p>\u201eTo \u0161to se podudarilo ne\u0161to \u0161to je mo\u017eda samo huligansko pona\u0161anje sa zahtevima da se sprovede referendum protiv \u0107irilice daje svemu ovome \u0161to se de\u0161ava neko drugo zna\u010denje. Tek za nekoliko meseci \u0107emo videti da li je ovde re\u010d o slu\u010dajnoj vremenskoj podudarnosti ili o jednom talasu. U ovom trenutku te\u0161ko je re\u0107i, ali ima razloga za zabrinutost upravo zbog te koincidencije\u201d, upozorava Puhovski za \u201ePolitiku\u201d.<\/p>\n<p>Prema njegovom mi\u0161ljenju problem je \u0161to i oni koji ovo podr\u017eavaju i oni koji osu\u0111uju to rade histeri\u010dno.<\/p>\n<p>\u201eOvi s jedne strane govore \u2019sutra nas \u010dekaju logori, dolazi fa\u0161izam\u2019 \u0161to je sigurno besmisleno. Ovi drugi, pak, tvrde da to nekakve strane agenture, jugoudba\u0161ki agenti ho\u0107e Hrvatskoj da oduzmu pravo na njenu tradiciju. Nema iole racionalnog pristupa da se ka\u017ee \u2019popu pop, bobu, bob\u2019\u201d, ocenjuje Puhovski.<\/p>\n<p>Opisuju\u0107i raspolo\u017eenje u Hrvatskoj, on ka\u017ee da sada svi poku\u0161avaju re\u0107i da nisu protiv Srba, ali ipak ne bi hteli \u0107irilicu. \u201eSad se nau\u010dilo da se neke stvari ne smeju re\u0107i javno. Utoliko je stvar manje ru\u017ena nego devedesetih\u201d, mi\u0161ljenja je Puhovski.<\/p>\n<p>Jedna od najo\u0161trijih kriti\u010darki \u201enovog hrvatskog vala\u201d Vedrana Rudan navodi za \u201ePolitiku\u201d da je Evropa godinama Hrvatsku dr\u017eala balkanistanom.<\/p>\n<p>\u201eU njoj su \u017eiveli ljudi opsednuti mr\u017enjom prema drugima i druga\u010dijima. Katoli\u010dka crkva koja je u NDH blagosiljala najodvratnije hrvatske zlo\u010dine svoju je krvavu rabotu nastavila i kad je demokratija krenula harati \u2019lijepom na\u0161om\u2019. Popovi su naoru\u017eani bili na rati\u0161tu i vodicom \u0161kropili vojnike, tenkove i topove na u\u017eas civilizovanog sveta. Hrvatski general pucao je \u017eeni u glavu u ime hrvatske demokratije i slobode. Ve\u0107ina gra\u0111ana moje zemlje to mu ne zamera. On je za njih heroj, a ne zlo\u010dinac\u201d, ka\u017ee ova knji\u017eevnica.<\/p>\n<p>Prema njenom mi\u0161ljenju samostalna Hrvatska postala je ratni plen hrvatskih i stranih razbojnika i ni\u0161ta vi\u0161e nije u rukama naroda. \u201eProdali su na\u0161u dedovinu da bi se oni, njihova deca i unuci mogli valjati u bogatstvu ste\u010denom na le\u0161inama na\u0161e dece, nas i na\u0161ih unuka. Danas hrvatski klinci na fudbalskim stadionima urlaju\u0107i slave usta\u0161e iako pojma nemaju ko su one bile. Niko im nije rekao da su neki od na\u0161ih dedova rezali vratove ljudima samo zato jer su bili druge nacije, vere, \u010dudne boje ko\u017ee ili su \u2019neprirodno\u2019 voleli. Sve najgore \u0161to se de\u0161ava u Hrvatskoj danas, a doga\u0111a joj se fa\u0161izam, \u2019civilizirani\u2019 svet zove \u2019balkanizmom\u2019\u201d, ka\u017ee Vedrana Rudan.<\/p>\n<p>Ona pita ima li istine u tome da se Hrvatska glasaju\u0107i na referendumu za mr\u017enju protiv homoseksualaca i zazivaju\u0107i NDH vratila na Balkan. Njen odgovor je da nema.<\/p>\n<p>\u201eFa\u0161izam vlada Francuskom, Nema\u010dkom, Gr\u010dkom, Italijom&#8230;, \u010ditava Evropa kupa se u fa\u0161izmu. Zato ve\u0107ina Hrvata mo\u017ee biti sre\u0107na. Postali smo ono \u0161to smo sanjali od stole\u0107a sedmog: Evropa. Neka nam se dragi Bog smiluje. Nama koji \u017eivimo u Hrvatskoj, nama Hrvatima koji strepimo od hrvatina ispunjenih mr\u017enjom i potrebom da opet krenu, \u2019za dom spremni, u boj, u boj za narod svoj\u2019. Najpoznatija hrvatska glumica Zrinka Cvite\u0161i\u0107 rekla je da se srami \u0161to je Hrvatica. I ja se sramim. Postoji li svetlo na kraju hrvatskog naci-tunela? Nema ga. Mrak nas \u017edere\u201d, zaklju\u010duje Rudan.<\/p>\n<p>Sve \u0161to se sada doga\u0111a u Hrvatskoj je politi\u010dki, ne jezi\u010dni problem, pre svega nasrtaj na srpsku manjinu, smatra Mate Kapovi\u0107, docent Filozofskog fakulteta u Zagrebu.<\/p>\n<p>\u201eNije tu stvar u jeziku ili \u0107irilici. Srbi u Hrvatskoj su samo de\u017eurni krivci koje desnica na \u010delu sa HDZ-om koristi u politi\u010dkom trenutku. HDZ nema pravi program i ne mo\u017ee bilo \u0161ta ponuditi, sudi mu se za korupciju i sve \u0161to sada \u010dine je poku\u0161aj da destabilizuju vladu. Tako HDZ udara na \u0107irilicu i Srbe, kao \u0161to udaraju na sekularnu dr\u017eavu. Jednostavnije je re\u0107i \u2019smeta nam \u0107irilica\u2019, nego \u2019\u017eelimo da Srbi odu iz Vukovara\u2019. To politi\u010dki nije oportuno i ne bi bilo tako jednostavno re\u0107i. Sve ovo \u0161to se sada doga\u0111a treba gledati u \u0161irokom kontekstu konzervativne kontrarevolucije koja se 2013. doga\u0111a u Hrvatskoj. Za me\u0111unacionalne odnose i prava manjina sve ovo je stra\u0161no\u201d, smatra Kapovi\u0107.<\/p>\n<p>Miodraga Lintu koji je na \u010delu Koalicije udru\u017eenja izbeglica brine \u0161to se prousta\u0161ka histerija sve vi\u0161e \u0161iri u Hrvatskoj i postaje normalna stvar u hrvatskom dru\u0161tvu. Nepobitna je \u010dinjenica, kako ka\u017ee, da je 18 godina od zavr\u0161etka rata antisrpstvo u Hrvatskoj i dalje dominantna pojava i objedinjuju\u0107i faktor raznih dru\u0161tvenih grupa, me\u0111u kojima su i navija\u010di Dinama i Hajduka.<\/p>\n<p>Puhovski, me\u0111utim, ima ne\u0161to optimisti\u010dnije gledanje na hrvatsku budu\u0107nost. On smatra da \u0107e \u201ezemljotres\u201d trajati jo\u0161 nekoliko nedelja, da \u0107e biti trijumfalizma nakon rezultata referenduma. Onda \u0107e se videti da referendum o \u0107irilici ne mo\u017ee da pro\u0111e jer \u0107e se pokazati da nema dovoljno potpisa ili \u0107e, kako ocenjuje, jo\u0161 verovatnije biti zabranjen i onda \u0107e, uz malo sre\u0107e, po\u010deti da jenjavaju ovi ispadi.<\/p>\n<\/div>\n<div>Jelena Cerovina<\/div>\n<div>objavljeno: 03.12.2013.<\/div>\n","protected":false},"excerpt":{"rendered":"<p>Vedrana Rudan: Danas hrvatski klinci na fudbalskim stadionima urlaju\u0107i slave usta\u0161e iako pojma nemaju ko su one bile. Niko im nije rekao da su neki od na\u0161ih dedova rezali vratove ljudima samo zato jer su bili druge nacije, vere, \u010dudne boje ko\u017ee ili su \u201eneprirodno\u201d voleli.\u2013 \u017darko Puhovski: Svi poku\u0161avaju da ka\u017eu da nisu protiv [&hellip;]<\/p>\n","protected":false},"author":2,"featured_media":0,"comment_status":"open","ping_status":"closed","sticky":false,"template":"","format":"standard","meta":{"footnotes":""},"categories":[],"tags":[],"_links":{"self":[{"href":"https:\/\/srcekrajine.org\/index.php?rest_route=\/wp\/v2\/posts\/1437"}],"collection":[{"href":"https:\/\/srcekrajine.org\/index.php?rest_route=\/wp\/v2\/posts"}],"about":[{"href":"https:\/\/srcekrajine.org\/index.php?rest_route=\/wp\/v2\/types\/post"}],"author":[{"embeddable":true,"href":"https:\/\/srcekrajine.org\/index.php?rest_route=\/wp\/v2\/users\/2"}],"replies":[{"embeddable":true,"href":"https:\/\/srcekrajine.org\/index.php?rest_route=%2Fwp%2Fv2%2Fcomments&post=1437"}],"version-history":[{"count":1,"href":"https:\/\/srcekrajine.org\/index.php?rest_route=\/wp\/v2\/posts\/1437\/revisions"}],"predecessor-version":[{"id":1438,"href":"https:\/\/srcekrajine.org\/index.php?rest_route=\/wp\/v2\/posts\/1437\/revisions\/1438"}],"wp:attachment":[{"href":"https:\/\/srcekrajine.org\/index.php?rest_route=%2Fwp%2Fv2%2Fmedia&parent=1437"}],"wp:term":[{"taxonomy":"category","embeddable":true,"href":"https:\/\/srcekrajine.org\/index.php?rest_route=%2Fwp%2Fv2%2Fcategories&post=1437"},{"taxonomy":"post_tag","embeddable":true,"href":"https:\/\/srcekrajine.org\/index.php?rest_route=%2Fwp%2Fv2%2Ftags&post=1437"}],"curies":[{"name":"wp","href":"https:\/\/api.w.org\/{rel}","templated":true}]}}