{"id":1451,"date":"2013-12-17T15:07:18","date_gmt":"2013-12-17T14:07:18","guid":{"rendered":"https:\/\/srcekrajine.org\/?p=1451"},"modified":"2015-01-14T00:00:26","modified_gmt":"2015-01-14T00:00:26","slug":"u-zagrebu-identifikovano-18-srba-stradalih-1995-godine","status":"publish","type":"post","link":"https:\/\/srcekrajine.org\/?p=1451","title":{"rendered":"U Zagrebu identifikovano 18 Srba stradalih 1995. godine"},"content":{"rendered":"<p>U Zagrebu su danas identifikovani posmrtni ostaci 18 Srba, tri \u017eene i 15 mu\u0161karaca, sa podru\u010dja zapadne Slavonije, Like i Dalmacije koji su stradali u akcijama hrvatske vojske \u201cBljesak\u201d i \u201cOluja\u201d u maju i avgustu 1995. godine.<\/p>\n<p><!--more--><\/p>\n<p>Najmla\u0111a i najstarija \u017ertva me\u0111u identifikovanima, obje iz op\u0161tine Benkovac, su Aleksandar Dr\u010da iz sela Ka\u0161i\u0107i koji je 1995. godine imao 21 godinu i Danica Baljak iz sela Ko\u017elovac koja je tada imala 89 godina, saop\u0161teno je iz Dokumentaciono-informacionog centra \u201cVeritas\u201d.<\/p>\n<p>&nbsp;<\/p>\n<p>Me\u0111u identifikovanima iz op\u0161tine Benkovac su Du\u0161an Dr\u010da \/76\/ iz Bru\u0161ke, Draginja Cupa\u0107 \/55\/ iz Korlata i Dragan Gagi\u0107 \/27\/ iz Biljanja Gornjih.<\/p>\n<p>&nbsp;<\/p>\n<p><strong>Iz op\u0161tine Oku\u010dani su identifikovani bra\u010dni par Nada \/64\/ i Nikola Popovi\u0107 \/68\/ iz Medara, kao i Savo Grlica \/41\/ iz Raji\u0107a.<\/strong><\/p>\n<p>Me\u0111u identifikovanima iz Knina su Nikola Crnomarkovi\u0107 \/81\/ iz Civljana, Stanko Puno\u0161 \/41\/ iz Za\u017evi\u0107a i Ilija Vukovi\u0107 \/33\/ iz Cetine.<\/p>\n<p><strong>Identifikovane srpske \u017ertve iz \u0160ibenika su Uro\u0161 Lali\u0107 \/60\/ iz Gorica, Milivoj Lali\u0107 \/39\/ iz Gorica i Ratko Mandi\u0107 \/50\/ iz Cicvara.<\/strong><\/p>\n<p>Me\u0111u \u017ertvama su Milan Trbovi\u0107 \/23\/ iz Nikinaca kod Rume, Rade Rali\u0107 \/41\/ iz Blata kod Ogulina, \u010cedo Budimir \/43\/ iz \u0160tikade kod Gra\u010daca i Vladimir Oluji\u0107 \/53\/ iz Karina Gornjeg kod Obrovca.<\/p>\n<p>&nbsp;<\/p>\n<p><strong>Posmrtni ostaci 18 Srba identifikovani su u Zavodu za sudsku medicinu i kriminalistiku Medicinskog fakulteta u Zagrebu.<\/strong><\/p>\n<p>U saop\u0161tenju se podsje\u0107a da su u posljednjih 12 godina iz zajedni\u010dkih, masovnih i pojedina\u010dnih grobnica na podru\u010dju Hrvatske i biv\u0161e Republike Srpske Krajine \/RSK\/ ekshumirani posmrtni ostaci ukupno 1.277 srpskih \u017ertava, od \u010dega je do sada identifikovano 856.<\/p>\n<p>&nbsp;<\/p>\n<p>Na \u201cVeritasovom\u201d spisku nestalih je jo\u0161 1.904 lica srpske nacionalnosti koja su nestala od 1991. do 1995. godine na podru\u010dju Hrvatske i biv\u0161e RSK, a me\u0111u nestalima je 1.312 civila, od \u010dega 513 \u017eena.<\/p>\n<p>&nbsp;<\/p>\n<p>U saop\u0161tenju se navodi da \u201cVeritas\u201d raspola\u017ee pouzdanim podacima za jo\u0161 oko 430 registrovanih grobnih mjesta u kojima se nalaze neidentifikovani posmrtni ostaci ubijenih Srba na ovom podru\u010dju.<\/p>\n<p>&nbsp;<\/p>\n<p>Iz Dokumentaciono-informacionog centra \u201cVeritas\u201d jo\u0161 jednom su ukazali da utvr\u0111ivanje sudbine nestalih i njihova identifikacija ide neopravdano sporo zbog kontinuirane opstrukcije hrvatskih vlasti.<\/p>\n<p>&nbsp;<\/p>\n<p>Srna, 16.12.2013.<\/p>\n<p><strong>\u00a0<\/strong><\/p>\n","protected":false},"excerpt":{"rendered":"<p>U Zagrebu su danas identifikovani posmrtni ostaci 18 Srba, tri \u017eene i 15 mu\u0161karaca, sa podru\u010dja zapadne Slavonije, Like i Dalmacije koji su stradali u akcijama hrvatske vojske \u201cBljesak\u201d i \u201cOluja\u201d u maju i avgustu 1995. godine.<\/p>\n","protected":false},"author":2,"featured_media":0,"comment_status":"open","ping_status":"closed","sticky":false,"template":"","format":"standard","meta":{"footnotes":""},"categories":[1],"tags":[],"_links":{"self":[{"href":"https:\/\/srcekrajine.org\/index.php?rest_route=\/wp\/v2\/posts\/1451"}],"collection":[{"href":"https:\/\/srcekrajine.org\/index.php?rest_route=\/wp\/v2\/posts"}],"about":[{"href":"https:\/\/srcekrajine.org\/index.php?rest_route=\/wp\/v2\/types\/post"}],"author":[{"embeddable":true,"href":"https:\/\/srcekrajine.org\/index.php?rest_route=\/wp\/v2\/users\/2"}],"replies":[{"embeddable":true,"href":"https:\/\/srcekrajine.org\/index.php?rest_route=%2Fwp%2Fv2%2Fcomments&post=1451"}],"version-history":[{"count":1,"href":"https:\/\/srcekrajine.org\/index.php?rest_route=\/wp\/v2\/posts\/1451\/revisions"}],"predecessor-version":[{"id":1452,"href":"https:\/\/srcekrajine.org\/index.php?rest_route=\/wp\/v2\/posts\/1451\/revisions\/1452"}],"wp:attachment":[{"href":"https:\/\/srcekrajine.org\/index.php?rest_route=%2Fwp%2Fv2%2Fmedia&parent=1451"}],"wp:term":[{"taxonomy":"category","embeddable":true,"href":"https:\/\/srcekrajine.org\/index.php?rest_route=%2Fwp%2Fv2%2Fcategories&post=1451"},{"taxonomy":"post_tag","embeddable":true,"href":"https:\/\/srcekrajine.org\/index.php?rest_route=%2Fwp%2Fv2%2Ftags&post=1451"}],"curies":[{"name":"wp","href":"https:\/\/api.w.org\/{rel}","templated":true}]}}