{"id":1462,"date":"2013-12-21T13:28:57","date_gmt":"2013-12-21T12:28:57","guid":{"rendered":"https:\/\/srcekrajine.org\/?p=1462"},"modified":"2015-01-14T00:00:26","modified_gmt":"2015-01-14T00:00:26","slug":"komentar-nepodobne-zrtve","status":"publish","type":"post","link":"https:\/\/srcekrajine.org\/?p=1462","title":{"rendered":"Komentar: (Ne)podobne \u017ertve"},"content":{"rendered":"<p>Ratko Dmitrovi\u0107 | 20. decembar 2013<\/p>\n<p><strong>Nema svrhe da se pitate da li je u Pri\u0161tini mogu\u0107a izlo\u017eba o zlo\u010dinima Albanaca nad Srbima. Pitanje je ko Kulturnom centru Beograda daje snagu da \u017ertve razvrstava na podobne i nepodobne<\/strong><\/p>\n<div><img decoding=\"async\" alt=\"\" src=\"https:\/\/pbs.twimg.com\/profile_images\/413986662843039745\/qCurwKrD.jpeg\" \/><!--more--><\/div>\n<p><span>NEMA ideologije, politike, programa, \u010dija bi va\u017enost opravdala pucanje u telo deteta, \u017eene, starca. Tako ne\u0161to u kona\u010dnoj izvedbi uvek do\u017eivi poraz. Vojska koja ubija decu mo\u017ee da dobije rat, ali uvek, bez izuzetka, izgubi mir. Pre ili kasnije.<\/span><\/p>\n<div><\/div>\n<p><span>U ovda\u0161njim ratovima devedesetih ponovljene su neke od najstra\u0161nijih scena iz velikog ubijanja u Drugom svetskom ratu. U ovom slu\u010daju re\u010d je o Kosovu. Me\u0111u onima koji su na tom prostoru po\u010dinili zlo\u010dine bilo je i Srba. I tu nema opravdanja. Onaj ko, sa srpskom trobojkom na kapi, mo\u017ee da povu\u010de obara\u010d i saspe deset metaka u telo \u017eene ili deteta nema ni\u0161ta sa Milo\u0161em, Stepom, Putnikom, Mi\u0161i\u0107em&#8230; On je njihova negacija, on je sramota Srbije i Srba. Srbija se takvih odrekla u tu\u017eila\u0161tvima i sudovima, u javnosti i u medijima. Jesu li drugi na ovaj na\u010din \u201esahranili\u201c svoje zlo\u010dince?<\/span><\/p>\n<p><span>Beograd je, pre neko ve\u010de, otvorio jednu od svojih kulturnih institucija &#8211; Kulturni centar Beograda &#8211; i tu, u srcu grada, instalirao repliku dnevne sobe albanske porodice Bogujevci, sa Kosova i Metohije, stradale od strane srpske paravojne grupe \u201e\u0160korpioni\u201c, marta 1999. godine. Jeziv zlo\u010din. Pre\u017eivelo je troje mali\u0161ana. Danas su to odrasli ljudi, dr\u017eavljani Velike Britanije. Njih troje su autori izlo\u017ebe; zatra\u017eili su i dobili mogu\u0107nost da Srbima, u njihovom glavnom gradu, predstave porodi\u010dnu tragediju. Za taj zlo\u010din srpska dr\u017eava osudila je izvr\u0161ioce. Eno ih u zatvoru i na poternicama. Izlo\u017ebu je otvorio Ivica Da\u010di\u0107. Sna\u017ena poruka prisustvom, veliki prostor za tuma\u010denje. Ve\u0107i deo srpske javnosti dr\u017ei da je ova izlo\u017eba, uz sve po\u0161tovanje za mrtve, ipak provokacija, ukazivanje na Srbe kao jedine zlo\u010dince. Izlo\u017eba je, ponovi\u0107u, postavljena u Kulturnom centru Beograda. Na stranu pitanje \u0161ta ovakva postavka ima sa kulturom.<\/span><\/p>\n<p><em>Ma\u0161inski in\u017eenjer Dragan Cerovi\u0107 bio je, do bombardovanja Srbije od strane NATO, u sistemu Elektroprivrede Srbije, sa radnim mestom na Kosovu. Svestan da Srbi zaboravljaju br\u017ee nego \u0161to pamte, 2001. godine, zajedno sa Draganom Pe\u0161i\u0107em, najpre je napravio publikaciju, a onda i izlo\u017ebu fotografija sa temom stradanja radnika elektroprivrednih preduze\u0107a na Kosovu i Metohiji. Ubijeno ih je 50, kidnapovano 27, u ogromnoj ve\u0107ini Srba, ali i Albanaca i Muslimana koji su Srbiju do\u017eivljavali kao svoju dr\u017eavu.<\/em><\/p>\n<p><em>Dragan je izlo\u017ebu, mo\u017eda ne\u0107ete verovati, najpre ponudio Kulturnom centru Beograda. Odbili su nakon nekoliko minuta razgovora, nisu hteli ni da ga saslu\u0161aju.<\/em><\/p>\n<p><em>Ovogodi\u0161nji Oktobarski salon otvoren je debatom \u201e\u017divi logor smrti\u201c, zasnovanom na ideji da se u istu ravan stave nema\u010dki koncentracioni logor na Sajmi\u0161tu, u vreme Drugog svetskog rata, i logor u Omarskoj kod Prijedora, iz rata nastalog raspadom Jugoslavije. Prvi su dr\u017eali nacisti, drugi Srbi, u prvom je ubijeno (uklju\u010duju\u0107i okolne lokacije) 32.000 Srba i 8.000 Jevreja. Kako se to strati\u0161te mo\u017ee dovesti u istu ravan sa Omarskom znaju, izgleda, samo ovi iz Kulturnog centra Beograda. Naime, oni su organizatori i Oktobarskog salona.<\/em><\/p>\n<p><span><em>Nema svrhe da se pitate da li je u Pri\u0161tini mogu\u0107a izlo\u017eba o zlo\u010dinima Albanaca nad Srbima. Pravo pitanje je ko Kulturnom centru Beograda daje snagu da \u017ertve u ratu na Kosovu razvrstava na podobne i nepodobne. I kako se zove takva rabota?<\/em> <\/span><\/p>\n","protected":false},"excerpt":{"rendered":"<p>Ratko Dmitrovi\u0107 | 20. decembar 2013 Nema svrhe da se pitate da li je u Pri\u0161tini mogu\u0107a izlo\u017eba o zlo\u010dinima Albanaca nad Srbima. Pitanje je ko Kulturnom centru Beograda daje snagu da \u017ertve razvrstava na podobne i nepodobne<\/p>\n","protected":false},"author":2,"featured_media":0,"comment_status":"open","ping_status":"closed","sticky":false,"template":"","format":"standard","meta":{"footnotes":""},"categories":[1],"tags":[],"_links":{"self":[{"href":"https:\/\/srcekrajine.org\/index.php?rest_route=\/wp\/v2\/posts\/1462"}],"collection":[{"href":"https:\/\/srcekrajine.org\/index.php?rest_route=\/wp\/v2\/posts"}],"about":[{"href":"https:\/\/srcekrajine.org\/index.php?rest_route=\/wp\/v2\/types\/post"}],"author":[{"embeddable":true,"href":"https:\/\/srcekrajine.org\/index.php?rest_route=\/wp\/v2\/users\/2"}],"replies":[{"embeddable":true,"href":"https:\/\/srcekrajine.org\/index.php?rest_route=%2Fwp%2Fv2%2Fcomments&post=1462"}],"version-history":[{"count":2,"href":"https:\/\/srcekrajine.org\/index.php?rest_route=\/wp\/v2\/posts\/1462\/revisions"}],"predecessor-version":[{"id":1464,"href":"https:\/\/srcekrajine.org\/index.php?rest_route=\/wp\/v2\/posts\/1462\/revisions\/1464"}],"wp:attachment":[{"href":"https:\/\/srcekrajine.org\/index.php?rest_route=%2Fwp%2Fv2%2Fmedia&parent=1462"}],"wp:term":[{"taxonomy":"category","embeddable":true,"href":"https:\/\/srcekrajine.org\/index.php?rest_route=%2Fwp%2Fv2%2Fcategories&post=1462"},{"taxonomy":"post_tag","embeddable":true,"href":"https:\/\/srcekrajine.org\/index.php?rest_route=%2Fwp%2Fv2%2Ftags&post=1462"}],"curies":[{"name":"wp","href":"https:\/\/api.w.org\/{rel}","templated":true}]}}