{"id":1472,"date":"2013-12-28T15:09:17","date_gmt":"2013-12-28T14:09:17","guid":{"rendered":"https:\/\/srcekrajine.org\/?p=1472"},"modified":"2015-01-14T00:00:26","modified_gmt":"2015-01-14T00:00:26","slug":"seselj-na-hemoterapiji","status":"publish","type":"post","link":"https:\/\/srcekrajine.org\/?p=1472","title":{"rendered":"\u0160e\u0161elj na hemoterapiji"},"content":{"rendered":"<figure><a href=\"http:\/\/images2.kurir-info.rs\/slika-900x608\/srs-seselj-zdravlje-operacija-hag-tribunal-1328585176-54643.jpg\"> <img decoding=\"async\" alt=\"SRS, \u0161e\u0161elj, zdravlje, operacija, hag, tribunal\" src=\"http:\/\/images2.kurir-info.rs\/slika-620x419\/srs-seselj-zdravlje-operacija-hag-tribunal-1328585176-54643.jpg\" \/> <\/a><\/figure>\n<p>BEOGRAD &#8211; <strong>Lider Srpske radikalne stranke Vojislav \u0160e\u0161elj, koji je operisan u Hagu, uskoro \u0107e biti na hemoterapiji,<\/strong> izjavio je funkcioner SRS Zoran Krasi\u0107.<!--more--><\/p>\n<p><strong>SRS podse\u0107a da je \u0160e\u0161elj pro\u0161le nedelje operisan zbog karcinoma debelog creva i da su mu tada otkriveni i uve\u0107ani<\/strong> limfni \u010dvorovi koji su tako\u0111e odstranjeni, rekao je \u0161ef tima za odbranu Zoran Krasi\u0107.<\/p>\n<p>Prema njegovim re\u010dima, \u0160e\u0161elj je obave\u0161ten i da su analizom limfnih \u010dvorova utvr\u0111ene metastaze i da \u0107e biti podvrgnut hemoterapiji.\u00a0Hemoterapija \u0107e trajati \u010detiri do \u0161est meseci, a predsedniku srpskih radikala u ponedeljak \u0107e biti saop\u0161teno koji \u0107e tip hemoterapije biti primenjen, navela je SRS u saop\u0161tenju.<\/p>\n","protected":false},"excerpt":{"rendered":"<p>BEOGRAD &#8211; Lider Srpske radikalne stranke Vojislav \u0160e\u0161elj, koji je operisan u Hagu, uskoro \u0107e biti na hemoterapiji, izjavio je funkcioner SRS Zoran Krasi\u0107.<\/p>\n","protected":false},"author":2,"featured_media":0,"comment_status":"open","ping_status":"closed","sticky":false,"template":"","format":"standard","meta":{"footnotes":""},"categories":[1],"tags":[],"_links":{"self":[{"href":"https:\/\/srcekrajine.org\/index.php?rest_route=\/wp\/v2\/posts\/1472"}],"collection":[{"href":"https:\/\/srcekrajine.org\/index.php?rest_route=\/wp\/v2\/posts"}],"about":[{"href":"https:\/\/srcekrajine.org\/index.php?rest_route=\/wp\/v2\/types\/post"}],"author":[{"embeddable":true,"href":"https:\/\/srcekrajine.org\/index.php?rest_route=\/wp\/v2\/users\/2"}],"replies":[{"embeddable":true,"href":"https:\/\/srcekrajine.org\/index.php?rest_route=%2Fwp%2Fv2%2Fcomments&post=1472"}],"version-history":[{"count":1,"href":"https:\/\/srcekrajine.org\/index.php?rest_route=\/wp\/v2\/posts\/1472\/revisions"}],"predecessor-version":[{"id":1473,"href":"https:\/\/srcekrajine.org\/index.php?rest_route=\/wp\/v2\/posts\/1472\/revisions\/1473"}],"wp:attachment":[{"href":"https:\/\/srcekrajine.org\/index.php?rest_route=%2Fwp%2Fv2%2Fmedia&parent=1472"}],"wp:term":[{"taxonomy":"category","embeddable":true,"href":"https:\/\/srcekrajine.org\/index.php?rest_route=%2Fwp%2Fv2%2Fcategories&post=1472"},{"taxonomy":"post_tag","embeddable":true,"href":"https:\/\/srcekrajine.org\/index.php?rest_route=%2Fwp%2Fv2%2Ftags&post=1472"}],"curies":[{"name":"wp","href":"https:\/\/api.w.org\/{rel}","templated":true}]}}