{"id":1485,"date":"2014-01-01T14:01:41","date_gmt":"2014-01-01T13:01:41","guid":{"rendered":"https:\/\/srcekrajine.org\/?p=1485"},"modified":"2015-01-14T00:00:26","modified_gmt":"2015-01-14T00:00:26","slug":"uhapsen-josip-perkovic-bivsi-funkcioner-jugoslovenske-a-potom-i-hrvatske-tajne-sluzbe","status":"publish","type":"post","link":"https:\/\/srcekrajine.org\/?p=1485","title":{"rendered":"Jutros oko 10 hap\u0161en Josip Perkovi\u0107, biv\u0161i  funkcioner  hrvatske tajne slu\u017ebe"},"content":{"rendered":"<figure><a href=\"http:\/\/images3.kurir-info.rs\/slika-900x608\/josip-perkovic-1387459460-365915.jpg\"> <img decoding=\"async\" alt=\"Josip Perkovi\u0107\" src=\"http:\/\/images3.kurir-info.rs\/slika-620x419\/josip-perkovic-1387459460-365915.jpg\" \/> <\/a><\/figure>\n<p>Josip Perkovi\u0107, biv\u0161i visoki funkcioner jugoslovenske, a potom i hrvatske tajne slu\u017ebe, uhap\u0161en je po\u0161to su u Hrvatskoj \u00a0stupile na snagu zakonske izmene na osnovu kojih se evropski nalog za hap\u0161enje primenjuje i na krivi\u010dna dela po\u010dinjena pre septembra 2002.<!--more--><\/p>\n<p>Njemu je nalog za hap\u0161enje uru\u010den ve\u0107 u prvim satima Nove godine. Advokat Anto Nobilo potvrdio je da je Perkovi\u0107 priveden na osnovu evropskog naloga za hap\u0161enje, koji je u Hrvatsku stigao jo\u0161 1. jula 2013., a stupio na snagu sino\u0107 u pono\u0107.\u00a0Gde je Perkovi\u0107 uhap\u0161en Nobilo nije hteo da precizira, uz komentar da je policija po njega do\u0161la na adresu koja nije javno poznata.<\/p>\n<p>Perkovi\u0107a nema\u010dko pravosu\u0111e tereti da je u\u010destvovao u organizaciji ubistva hrvatskog politi\u010dkog emigranta Stjepana \u0110urekovi\u0107a.\u00a0Nobilo je potvrdio kako je policija privela i Zdravka Musta\u0107a koji se nalazi na jednom od naloga za hap\u0161enje u Nema\u010dkoj.<\/p>\n<p>Prema Nobilovim re\u010dima, po osnovu evropskog naloga privedeno je jo\u0161 dvadesetak ljudi.<\/p>\n","protected":false},"excerpt":{"rendered":"<p>Josip Perkovi\u0107, biv\u0161i visoki funkcioner jugoslovenske, a potom i hrvatske tajne slu\u017ebe, uhap\u0161en je po\u0161to su u Hrvatskoj \u00a0stupile na snagu zakonske izmene na osnovu kojih se evropski nalog za hap\u0161enje primenjuje i na krivi\u010dna dela po\u010dinjena pre septembra 2002.<\/p>\n","protected":false},"author":2,"featured_media":0,"comment_status":"open","ping_status":"closed","sticky":false,"template":"","format":"standard","meta":{"footnotes":""},"categories":[1],"tags":[],"_links":{"self":[{"href":"https:\/\/srcekrajine.org\/index.php?rest_route=\/wp\/v2\/posts\/1485"}],"collection":[{"href":"https:\/\/srcekrajine.org\/index.php?rest_route=\/wp\/v2\/posts"}],"about":[{"href":"https:\/\/srcekrajine.org\/index.php?rest_route=\/wp\/v2\/types\/post"}],"author":[{"embeddable":true,"href":"https:\/\/srcekrajine.org\/index.php?rest_route=\/wp\/v2\/users\/2"}],"replies":[{"embeddable":true,"href":"https:\/\/srcekrajine.org\/index.php?rest_route=%2Fwp%2Fv2%2Fcomments&post=1485"}],"version-history":[{"count":3,"href":"https:\/\/srcekrajine.org\/index.php?rest_route=\/wp\/v2\/posts\/1485\/revisions"}],"predecessor-version":[{"id":1488,"href":"https:\/\/srcekrajine.org\/index.php?rest_route=\/wp\/v2\/posts\/1485\/revisions\/1488"}],"wp:attachment":[{"href":"https:\/\/srcekrajine.org\/index.php?rest_route=%2Fwp%2Fv2%2Fmedia&parent=1485"}],"wp:term":[{"taxonomy":"category","embeddable":true,"href":"https:\/\/srcekrajine.org\/index.php?rest_route=%2Fwp%2Fv2%2Fcategories&post=1485"},{"taxonomy":"post_tag","embeddable":true,"href":"https:\/\/srcekrajine.org\/index.php?rest_route=%2Fwp%2Fv2%2Ftags&post=1485"}],"curies":[{"name":"wp","href":"https:\/\/api.w.org\/{rel}","templated":true}]}}