{"id":1495,"date":"2014-01-05T20:11:10","date_gmt":"2014-01-05T19:11:10","guid":{"rendered":"https:\/\/srcekrajine.org\/?p=1495"},"modified":"2015-01-14T00:00:26","modified_gmt":"2015-01-14T00:00:26","slug":"ozbiljni-narodi-to-ne-rade","status":"publish","type":"post","link":"https:\/\/srcekrajine.org\/?p=1495","title":{"rendered":"Ozbiljni narodi to  ne rade"},"content":{"rendered":"<p>Mi smo izneli narodno-oslobodila\u010dku borbu, a neki na\u0161i intelektualci se toga odri\u010du i smatraju to najve\u0107im zlom, rekao je glumac<\/p>\n<figure><a href=\"http:\/\/images.kurir-info.rs\/slika-900x608\/dragan-bjelogrlic-foto-kurir-1385972494-406269.jpg\"> <img decoding=\"async\" alt=\"Dragan Bjelogrli\u0107, foto kurir\" src=\"http:\/\/images.kurir-info.rs\/slika-620x419\/dragan-bjelogrlic-foto-kurir-1385972494-406269.jpg\" \/> <\/a><\/figure>\n<div>\n<p>Glumac <strong>Dragan Bjelogrli\u0107<\/strong>, koji u TV seriji &#8222;Ravna gora&#8220; igra Josipa Broza Tita, usprotivio se revidiranju istorije istakv\u0161i da su Srbi \u010dinili ve\u0107inski deo partizanskog pokreta, koji je u Drugom svetskom ratu bio na strani pobednika.<br \/>\n<!--more--><br \/>\nBjelogrli\u0107 je istakao da je po politi\u010dkom opredeljenju &#8222;iskreni levi\u010dar&#8220;, ali da ulogu mar\u0161ala nije mogao da odbije.<\/p>\n<p>&#8222;Narodi koje \u017eele da budu ozbiljni ne preispituju svoju istoriju posle 60 godina. Mislim da postoji neki period od 25 do 30 godina dok su jo\u0161 savremenici \u017eivi kada se odre\u0111eni doga\u0111aji mogu preispitivati. Posle toga ozbiljni narodi to vi\u0161e ne rade. Pitanje \u010detnika i partizana mo\u017ee da bude zanimljivo umetnicima, istori\u010darima. Mogu da se snimaju filmovi, serije, ali mi kao drustvo ne treba da menjamo stav, da menjamo ud\u017ebenike, ne treba na\u0161u decu da zbunjujemo.<\/p>\n<p><strong>Vi ste na strani partizana?<br \/>\n<\/strong>Partizani su bili na strani pobednika. Verovatno pukovnik Dra\u017ea Mihailovi\u0107 nije zaslu\u017eio sve \u0161to mu se desilo. Mo\u017eda je bio i patriota, ali on je izgubio rat. Istorija je puna toga. S druge strane, ve\u0107inu Titove pobedni\u010dke armije su \u010dinili Srbi i potpuno mi je somnabulno da se mi kao narod odri\u010demo toga. A ne odri\u010du se Slovenci. Mi koji smo izneli narodno-oslobodila\u010dku borbu? Neki na\u0161i intelektualci se toga odri\u010du i smatraju to najve\u0107im zlom. To je apsurd. Neki na\u0161i intelektualci od kraja 80-ih do danas su pali na mnogim ispitima. Uneli su mnogo zabune i \u0161tete. Ti obra\u010duni nisu na\u0161i nego njihovi u stvari. Evo, ja sam ro\u0111en 1963. I znam da je ve\u0107ina na\u0161ih intelektualaca u doba komunizma pisala \u0161ta god je htela, radila \u0161ta god je htela, bili ma\u017eeni i pa\u017eeni, pri tom u\u017eivali u gnezdu opozicionarstva i uglavnom bili dobro pla\u0107eni.<\/p>\n<p><strong>Prou\u010davali ste Tita pripremaju\u0107i se za seriju?<br \/>\n<\/strong>Mi smo za vreme Tita dosegli neke od najboljih trenutaka na\u0161e istorije. Posle rata, diktature, Golog otoka, on pravi sistem kakav danas ne mo\u017eemo ni da zamislimo. Pravi ozbiljnu dr\u017eavu, svetski relevantnu, jaku srednju klasu, ozbiljnu intelektualnu opoziciju. Svaki segment dru\u0161tva je bio na mnogo vi\u0161em nivou. Uzmimo kulturu: imamo nobelovca, imamo ozbiljan populisti\u010dki film, imamo ozbiljan kriti\u010dki film &#8211; crni talas. Najve\u0107e nagrade na festivalima. Imali smo dom kulture u svakom selu, ozbiljnu televiziju.<\/p>\n<\/div>\n","protected":false},"excerpt":{"rendered":"<p>Mi smo izneli narodno-oslobodila\u010dku borbu, a neki na\u0161i intelektualci se toga odri\u010du i smatraju to najve\u0107im zlom, rekao je glumac Glumac Dragan Bjelogrli\u0107, koji u TV seriji &#8222;Ravna gora&#8220; igra Josipa Broza Tita, usprotivio se revidiranju istorije istakv\u0161i da su Srbi \u010dinili ve\u0107inski deo partizanskog pokreta, koji je u Drugom svetskom ratu bio na strani [&hellip;]<\/p>\n","protected":false},"author":2,"featured_media":0,"comment_status":"open","ping_status":"closed","sticky":false,"template":"","format":"standard","meta":{"footnotes":""},"categories":[1],"tags":[],"_links":{"self":[{"href":"https:\/\/srcekrajine.org\/index.php?rest_route=\/wp\/v2\/posts\/1495"}],"collection":[{"href":"https:\/\/srcekrajine.org\/index.php?rest_route=\/wp\/v2\/posts"}],"about":[{"href":"https:\/\/srcekrajine.org\/index.php?rest_route=\/wp\/v2\/types\/post"}],"author":[{"embeddable":true,"href":"https:\/\/srcekrajine.org\/index.php?rest_route=\/wp\/v2\/users\/2"}],"replies":[{"embeddable":true,"href":"https:\/\/srcekrajine.org\/index.php?rest_route=%2Fwp%2Fv2%2Fcomments&post=1495"}],"version-history":[{"count":1,"href":"https:\/\/srcekrajine.org\/index.php?rest_route=\/wp\/v2\/posts\/1495\/revisions"}],"predecessor-version":[{"id":1496,"href":"https:\/\/srcekrajine.org\/index.php?rest_route=\/wp\/v2\/posts\/1495\/revisions\/1496"}],"wp:attachment":[{"href":"https:\/\/srcekrajine.org\/index.php?rest_route=%2Fwp%2Fv2%2Fmedia&parent=1495"}],"wp:term":[{"taxonomy":"category","embeddable":true,"href":"https:\/\/srcekrajine.org\/index.php?rest_route=%2Fwp%2Fv2%2Fcategories&post=1495"},{"taxonomy":"post_tag","embeddable":true,"href":"https:\/\/srcekrajine.org\/index.php?rest_route=%2Fwp%2Fv2%2Ftags&post=1495"}],"curies":[{"name":"wp","href":"https:\/\/api.w.org\/{rel}","templated":true}]}}