{"id":15,"date":"2009-03-22T12:51:54","date_gmt":"2009-03-22T11:51:54","guid":{"rendered":"http:\/\/37.251.99.59:5000\/?p=15"},"modified":"2009-03-22T12:51:54","modified_gmt":"2009-03-22T11:51:54","slug":"krvavi-hariu-beograd-nee-ali-bi-mogao-u-hag","status":"publish","type":"post","link":"https:\/\/srcekrajine.org\/?p=15","title":{"rendered":"\u201eKrvavi Hari\u201cu Beograd ne\u0107e, ali bi mogao u Hag"},"content":{"rendered":"<div class=\"content\">\n<div class=\"field field-type-image field-field-image-for-teaser\" style=\"float: right\">\n<div class=\"field-item\"><img loading=\"lazy\" decoding=\"async\" src=\"http:\/\/www.glas-javnosti.rs:8080\/\/files\/image_for_teaser\/Thumb_001ilajdzic.jpg\" border=\"0\" width=\"350\" height=\"266\" \/><\/div>\n<\/p><\/div>\n<p>BANJALUKA &#8211; Bo\u0161nja\u010dki \u010dlan u Predsedni\u0161tvu BiH Haris Silajd\u017ei\u0107 izjavio je preksino\u0107 da ne\u0107e nikada putovati u Srbiju ukoliko iz te zemlje ne stigne \u201ejedno veliko izvinjenje\u201c za, kako je rekao, zlo koje su u\u010dinili gra\u0111anima BiH tokom pro\u0161log rata.<br \/> Silajd\u017ei\u0107, ili \u201ekrvavi Hari\u201c, kako su ga Srbi zvali tokom rata, u izjavi BN TV rekao je da treba dati odlikovanje \u010dlanovima ratnog Predsedni\u0161tva BiH, koji su njegovi ratni drugovi.<\/p>\n<p> <!--more--> <\/p>\n<p> &#8211; To su moji ratni drugovi i time se ponosim i smatram da zaslu\u017euju medalje, a ne da se povla\u010de po kojekakvim spiskovima, pogotovo ne od one strane za koju celi svet zna da je odgovorna &#8211; rekao je Silajd\u017ei\u0107.<br \/> Podse\u0107amo da je Tu\u017eila\u0161tvo za ratne zlo\u010dine Srbije raspisalo poternice za osumnji\u010denim za ratne zlo\u010dine nad pripadnicima JNA u Dobrovolja\u010dkoj ulici u maju 1992. godine u Sarajevu, me\u0111u kojima su i \u010dlanovi ratnog Predsedni\u0161tva BiH Ejup Gani\u0107 i Stjepan Kljui\u0107.<br \/> S druge strane, u Beogradu, ova Silajd\u017ei\u0107eva izjava nai\u0161la je na o\u0161tre kritike.<br \/> &#8211; Silajd\u017ei\u0107u je mesto u ha\u0161kom zatvoru, a ne u Srbiji &#8211; rekao je za Glas novinar Miodrag Popov, autor knjige \u201eSuze su iste vere\u201c, u kojoj opisuje doga\u0111aje u BiH za vreme rata.<br \/> Popov prime\u0107uje da Silajd\u017ei\u0107a niko nije ni zvao u Srbiju, mada to, kako je rekao, ne zna\u010di da nekom politi\u010dari ne\u0107e pasti na pamet takva budala\u0161tina.<\/p>\n<div class=\"field field-type-text field-field-antrfile\">\n<div class=\"field-item\">\n<p>ONEMOGU\u0106AVA INTEGRACIJE<br \/> Delegat u Domu naroda Parlamentarne skup\u0161tine BiH Du\u0161anka Majki\u0107 izjavila je Srni da Silajd\u017ei\u0107 \u010dini sve da bi onemogu\u0107io regionalne integracije i dogovore, te da \u010dini sve da onemogu\u0107i da se razgovori izme\u0111u politi\u010dkih partnera vode na regionalnom nivou kako bi se popravio standard i stvorili bolji uslovi za \u017eivot svih gra\u0111ana.<br \/> Prema njenim re\u010dima, Silajd\u017ei\u0107eva izjava potvr\u0111uje da Srbi moraju dobro voditi ra\u010duna o budu\u0107im uticajima tog \u010doveka.<br \/> OPASNA IZJAVA<br \/> Silajd\u017ei\u0107eva izjava da treba nagraditi njegove ratne drugove, protiv kojih je u Srbiji pokrenuta istraga zbog zlo\u010dina u Dobrovolja\u010dkoj ulici, opasna je, podgrejava tenzije i ne vodi ni\u010demu, rekao je Srni poslanik u Predstavni\u010dkom domu Parlamentarne skup\u0161tine BiH Mirko Okoli\u0107.<br \/> &#8211; Iz svih Silajd\u017ei\u0107evih postupaka se mo\u017ee videti da je on taj koji ne \u017eeli stabilnu BiH. U poslednje vreme radi sve \u0161to bi dizalo tenzije, kao da mu je to osnovni zadatak &#8211; naglasio je Okoli\u0107.<\/p>\n<\/p><\/div>\n<\/div>\n<\/div>\n<div class=\"content\"> &#8211; On sam odgovara na poziv koji mu niko nije ni uputio. Silajd\u017ei\u0107 tra\u017ei izvinjenje od Srbije za zlo\u010dine koje su po\u010dinili njegovi ratni drugovi. Paradoksalno je da je, recimo, \u0160e\u0161elj u Hagu zbog verbalnog delikta, a Silajd\u017ei\u0107 nije. Da li je javnost zaboravila sve one Silajd\u017ei\u0107eve gadosti izgovorene na SNN-u i ostalim medijima o srpskim konclogorima ili po stotinama hiljada silovanih muslimanki. To nije govor mr\u017enje, to je bio poziv na lin\u010d protiv srpskog i hrvatskog naroda. Silajd\u017ei\u0107u je mesto u zatvoru, a ne u Srbiji &#8211; zaklju\u010dio je Popov.<br \/> I knji\u017eevnik Brana Crn\u010devi\u0107 je dobro razumeo Silajd\u017ei\u0107a.<br \/> &#8211; Ni ja nikada ne\u0107u da odem u Sarajevo sve dok se Silajd\u017ei\u0107 ne izvini Srbiji za sve ono \u0161to je tokom rata uradio protiv Srbije i Republike Srpske &#8211; rekao je Crn\u010devi\u0107.<br \/> Analiti\u010dar \u010cedomir Anti\u0107 misli da se radi o li\u010dnom stavu Harisa Silajd\u017ei\u0107a i da tako ne misle gra\u0111ani koji su ga birali. Anti\u0107 ukazuje na jo\u0161 jednu \u010dinjenicu koja baca pravo svetlo na Silajd\u017ei\u0107evo razmi\u0161ljanje.<br \/> &#8211; Silajd\u017ei\u0107 je jedini politi\u010dar u Srbiji i Republici Srpskoj koji je bio to i tokom rata koji se za njega, izgleda, nije zavr\u0161io. U ratu su postojale dve strane, a to ni u Hagu nije jasno, a nisu ni razja\u0161njeni svi uzroci rata &#8211; istakao je Anti\u0107.<br \/> Predsednik Udru\u017eenja novinara Srbije Nino Brajovi\u0107 Silajd\u017ei\u0107evu izjavu smatra neprimerenom za jednog politi\u010dara.<br \/> &#8211; Raspad Jugoslavije i gra\u0111anski rat de\u0161avali su se po sistemu spojenih sudova. Silajd\u017ei\u0107 mora da ima u vidu da i on duguje jedno veliko izvinjenje Srbima &#8211; zaklju\u010duje Brajovi\u0107.<br \/> Osim ovoga, Silajd\u017ei\u0107 je naveo i da je Srbije prekr\u0161ila Rimski sporazum izdavanjem re\u0161enja o sprovo\u0111enju istrage. U Tu\u017eila\u0161tvu za ratne zlo\u010dine Srbije Sini je re\u010deno da ovo predstavlja dalju politizaciju ovog slu\u010daja, te da se o primeni odredbe Rimskog sporazuma mo\u017ee govoriti kada postoji optu\u017enica, a u ovom slu\u010daju je rije\u010d o zahtevu za sprovo\u0111enje istrage.<br \/> \u201eOvde nije re\u010d o optu\u017enicama, ve\u0107 o zahtevu za sprovo\u0111enje istrage. O\u010digledno je da su pobrkane procesne faze. Dakle, kada optu\u017enica postoji, tada se mo\u017ee govoriti o primeni odredbe Rimskog sporazuma\u201c, isti\u010du iz Tu\u017eila\u0161tva za ratne zlo\u010dine Srbije. <\/div>\n<div class=\"content\">\n<h4>Autor:<\/h4>\n<p>Ljiljana Stalatovi\u0107 <\/p>\n<p>\u00a0<\/p><\/div>\n","protected":false},"excerpt":{"rendered":"<p>BANJALUKA &#8211; Bo\u0161nja\u010dki \u010dlan u Predsedni\u0161tvu BiH Haris Silajd\u017ei\u0107 izjavio je preksino\u0107 da ne\u0107e nikada putovati u Srbiju ukoliko iz te zemlje ne stigne \u201ejedno veliko izvinjenje\u201c za, kako je rekao, zlo koje su u\u010dinili gra\u0111anima BiH tokom pro\u0161log rata. Silajd\u017ei\u0107, ili \u201ekrvavi Hari\u201c, kako su ga Srbi zvali tokom rata, u izjavi BN TV [&hellip;]<\/p>\n","protected":false},"author":1,"featured_media":0,"comment_status":"open","ping_status":"open","sticky":false,"template":"","format":"standard","meta":{"footnotes":""},"categories":[1],"tags":[],"_links":{"self":[{"href":"https:\/\/srcekrajine.org\/index.php?rest_route=\/wp\/v2\/posts\/15"}],"collection":[{"href":"https:\/\/srcekrajine.org\/index.php?rest_route=\/wp\/v2\/posts"}],"about":[{"href":"https:\/\/srcekrajine.org\/index.php?rest_route=\/wp\/v2\/types\/post"}],"author":[{"embeddable":true,"href":"https:\/\/srcekrajine.org\/index.php?rest_route=\/wp\/v2\/users\/1"}],"replies":[{"embeddable":true,"href":"https:\/\/srcekrajine.org\/index.php?rest_route=%2Fwp%2Fv2%2Fcomments&post=15"}],"version-history":[{"count":0,"href":"https:\/\/srcekrajine.org\/index.php?rest_route=\/wp\/v2\/posts\/15\/revisions"}],"wp:attachment":[{"href":"https:\/\/srcekrajine.org\/index.php?rest_route=%2Fwp%2Fv2%2Fmedia&parent=15"}],"wp:term":[{"taxonomy":"category","embeddable":true,"href":"https:\/\/srcekrajine.org\/index.php?rest_route=%2Fwp%2Fv2%2Fcategories&post=15"},{"taxonomy":"post_tag","embeddable":true,"href":"https:\/\/srcekrajine.org\/index.php?rest_route=%2Fwp%2Fv2%2Ftags&post=15"}],"curies":[{"name":"wp","href":"https:\/\/api.w.org\/{rel}","templated":true}]}}