{"id":1526,"date":"2014-01-15T17:49:02","date_gmt":"2014-01-15T16:49:02","guid":{"rendered":"https:\/\/srcekrajine.org\/?p=1526"},"modified":"2015-01-14T00:00:25","modified_gmt":"2015-01-14T00:00:25","slug":"sovinisticka-farsa-u-zagrebu","status":"publish","type":"post","link":"https:\/\/srcekrajine.org\/?p=1526","title":{"rendered":"\u0160ovinisti\u010dka farsa u Zagrebu"},"content":{"rendered":"<p>PTC &#8211; utorak, 14.\u00a0jan\u00a02014<\/p>\n<p>Ru\u017ea Toma\u0161i\u0107, poslanica Evropskog parlamenta i predsednica desno orijentisane Hrvatske stranke prava dr Ante Star\u010devi\u0107, pozvala je gra\u0111ane Hrvatske da joj pomognu u pisanju govora o napretku Srbije prema \u010dlanstvu u EU, za sutra\u0161nji sastanak u Strazburu, prenosi zagreba\u010dki <em>Ve\u010dernji list.<\/em><\/p>\n<div>\n<div><img loading=\"lazy\" decoding=\"async\" title=\"Ruza Tomasic.jpg\" alt=\"Ruza Tomasic.jpg\" src=\"http:\/\/www.rts.rs\/upload\/storyBoxImageData\/2014\/01\/14\/15363599\/Ruza%20Tomasic.jpg\" width=\"527\" height=\"396\" border=\"0\" \/><!--more--><\/div>\n<\/div>\n<p>Toma\u0161i\u0107eva je rekla da je re\u010d &#8222;o va\u017enoj temi za Hrvatsku&#8220; i da \u017eeli da \u010duje glas naroda o izve\u0161taju o Srbiji koji pred poslanike stavlja Evropska komisija.<\/p>\n<p>Toma\u0161i\u0107eva, ina\u010de, poznata po nacionalisti\u010dkim ispadima i antisrpskim izjavama, gra\u0111anima je preporu\u010dila link na kome mogu da se informi\u0161u o sadr\u017eaju Izve\u0161taja o napretku Srbije.<\/p>\n<p>Ovo je, konstatuje list, prvi put da jedan hrvatski poslanik u Evropskom parlamentu tra\u017ei mi\u0161ljenje gra\u0111ana o temi o kojoj \u0107e biti re\u010di na plenarnoj sednici, a Ru\u017ea Toma\u0161i\u0107 najavljuje da \u0107e joj to biti stalna praksa.<\/p>\n<p>Uo\u010di svake plenarne sednice EP ponudi\u0107e, ka\u017ee, jednu ili nekoliko tema koje smatra posebno zna\u010dajnim za Hrvatsku i pozvati gra\u0111ane da joj ka\u017eu svoje mi\u0161ljenje. Tako \u0107e joj, navodi, pomo\u0107i da &#8222;kreira stav koji je najbolji za odbranu interesa Hrvatske&#8220;, najmla\u0111e dr\u017eave koja se EU priklju\u010dila 1. jula 2013. godine.<\/p>\n<p>Ona je gra\u0111ane pozvala da joj komentare \u0161alju i na njene profile na dru\u0161tvenim mre\u017eama <em>Fejsbuk <\/em>i<em> Tviter.<\/em><\/p>\n<p>Evropski parlament sutra \u0107e raspravljati o predlozima rezolucija o Srbiji i Kosovu, koje su nastale na osnovu godi\u0161njih izve\u0161taja izvestilaca Jelka Kacina i Ulrike Luna\u010dek.<\/p>\n<p>O\u010dekuje se da rasprava, \u010diji je po\u010detak zakazan za tri popodne na plenarnoj sednici u Strazburu, bude kratka, jer su predlozi obe rezolucije jo\u0161 pro\u0161le godine usvojeni na sednicama Komiteta za spoljne poslove EP.<\/p>\n<p>U \u010detvrtak, dan nakon rasprave, poslanici \u0107e glasati o predlo\u017eenim rezolucijama.<\/p>\n","protected":false},"excerpt":{"rendered":"<p>PTC &#8211; utorak, 14.\u00a0jan\u00a02014 Ru\u017ea Toma\u0161i\u0107, poslanica Evropskog parlamenta i predsednica desno orijentisane Hrvatske stranke prava dr Ante Star\u010devi\u0107, pozvala je gra\u0111ane Hrvatske da joj pomognu u pisanju govora o napretku Srbije prema \u010dlanstvu u EU, za sutra\u0161nji sastanak u Strazburu, prenosi zagreba\u010dki Ve\u010dernji list.<\/p>\n","protected":false},"author":2,"featured_media":0,"comment_status":"open","ping_status":"closed","sticky":false,"template":"","format":"standard","meta":{"footnotes":""},"categories":[1],"tags":[],"_links":{"self":[{"href":"https:\/\/srcekrajine.org\/index.php?rest_route=\/wp\/v2\/posts\/1526"}],"collection":[{"href":"https:\/\/srcekrajine.org\/index.php?rest_route=\/wp\/v2\/posts"}],"about":[{"href":"https:\/\/srcekrajine.org\/index.php?rest_route=\/wp\/v2\/types\/post"}],"author":[{"embeddable":true,"href":"https:\/\/srcekrajine.org\/index.php?rest_route=\/wp\/v2\/users\/2"}],"replies":[{"embeddable":true,"href":"https:\/\/srcekrajine.org\/index.php?rest_route=%2Fwp%2Fv2%2Fcomments&post=1526"}],"version-history":[{"count":2,"href":"https:\/\/srcekrajine.org\/index.php?rest_route=\/wp\/v2\/posts\/1526\/revisions"}],"predecessor-version":[{"id":1528,"href":"https:\/\/srcekrajine.org\/index.php?rest_route=\/wp\/v2\/posts\/1526\/revisions\/1528"}],"wp:attachment":[{"href":"https:\/\/srcekrajine.org\/index.php?rest_route=%2Fwp%2Fv2%2Fmedia&parent=1526"}],"wp:term":[{"taxonomy":"category","embeddable":true,"href":"https:\/\/srcekrajine.org\/index.php?rest_route=%2Fwp%2Fv2%2Fcategories&post=1526"},{"taxonomy":"post_tag","embeddable":true,"href":"https:\/\/srcekrajine.org\/index.php?rest_route=%2Fwp%2Fv2%2Ftags&post=1526"}],"curies":[{"name":"wp","href":"https:\/\/api.w.org\/{rel}","templated":true}]}}