{"id":1529,"date":"2014-01-15T21:22:03","date_gmt":"2014-01-15T20:22:03","guid":{"rendered":"https:\/\/srcekrajine.org\/?p=1529"},"modified":"2015-01-14T00:00:25","modified_gmt":"2015-01-14T00:00:25","slug":"teslini-ostaci-prenose-se-na-plato-ispred-hrama-svetog-save","status":"publish","type":"post","link":"https:\/\/srcekrajine.org\/?p=1529","title":{"rendered":"Teslini ostaci prenose se na plato ispred Hrama Svetog Save ?"},"content":{"rendered":"<p><strong>Privremeni organ Beograda spreman je da podr\u017ei inicijativu o prenosu zemnih ostataka Nikole Tesle na plato ispred Hrama Svetog Save, ali postoje zakonski uslovi koji prethodno moraju da se ispune, rekao je \u010dlan tog ve\u0107a Nikola Nikodijevi\u0107.<\/strong><\/p>\n<p><img loading=\"lazy\" decoding=\"async\" title=\"Teslini ostaci prenose se na plato ispred Hrama Svetog Save?\" alt=\"Teslini ostaci prenose se na plato ispred Hrama Svetog Save?\" src=\"http:\/\/pressonline.rs\/sw4i\/thumbnail\/Tesla_circa_1890.jpeg?thumbId=2107491&amp;fileSize=35969&amp;lastModified=1389810247000&amp;contentType=image\/jpeg\" width=\"615\" height=\"318\" \/><\/p>\n<p><!--more-->Nikodijevi\u0107 je objasnio da je re\u010d o saglasnostima grada i republike, ali i porodice, odnosno naslednika.<\/p>\n<p><strong>&#8222;Spremni smo da podr\u017eimo inicijativu o prenosu zemnih ostataka Nikole Tesle, ali postoje zakonski uslovi koji prethodno moraju da se ispune. Me\u0111u njima su posebne saglasnosti koje treba da se pribave, a nadamo se da to ne\u0107e trajati dugo&#8220;<\/strong>, rekao je Nikodijevi\u0107, a saop\u0161teno je iz &#8222;Beoinfa&#8220;.<\/p>\n<p>SPC i patrijarh Irinej pre dva dana su na sastanku sa predstavnicima Privremenog organa Beograda predlo\u017eili da se zemni ostaci poznatog nau\u010dnika prenesu u Hram Svetog Save, a tada je dogovoreno da se u \u010detvrtak, 16. januara formira radna grupa koja \u0107e pored tog razmatrati jo\u0161 nekoliko pitanja u odnosima crkve i grada.<\/p>\n<p>Na sastanku sa patrijarhom razgovaralo se i o statusu crkvene biblioteke i izgradnji novih crkava, a uo\u010di prvog sastanka radne grupe Nikodijevi\u0107 je rekao da \u0107e se to telo baviti konkretizacijom svih pokrenutih pitanja izme\u0111u crkve i grada.<\/p>\n<p>Nikodijevi\u0107 je ukazao da crkvena biblioteka raspola\u017ee zna\u010dajnom gra\u0111om koja prevazilazi kapacitet prostora u kome se nalazi i zaslu\u017euje adekvatniji prostor za sme\u0161taj tog kulturnog blaga.<\/p>\n<p>&#8222;Tu je i potreba za urbanisti\u010dkim planiranjem hramova i crkava u novoizgra\u0111enim i stambenim naseljima \u010dija je izgradnja u toku i koja \u0107e biti predmet zajedni\u010dkog razmi\u0161ljanja u novoformiranoj radnoj grupi&#8220;, naveo je Nikodijevi\u0107 i dodao da se nada da \u0107e se u narednom periodu do\u0111i do konkretnih re\u0161enja.<\/p>\n<p>Izvor:\u00a0 Tanjug &#8211; 15. 01. 2014.<\/p>\n","protected":false},"excerpt":{"rendered":"<p>Privremeni organ Beograda spreman je da podr\u017ei inicijativu o prenosu zemnih ostataka Nikole Tesle na plato ispred Hrama Svetog Save, ali postoje zakonski uslovi koji prethodno moraju da se ispune, rekao je \u010dlan tog ve\u0107a Nikola Nikodijevi\u0107.<\/p>\n","protected":false},"author":2,"featured_media":0,"comment_status":"open","ping_status":"closed","sticky":false,"template":"","format":"standard","meta":{"footnotes":""},"categories":[1],"tags":[],"_links":{"self":[{"href":"https:\/\/srcekrajine.org\/index.php?rest_route=\/wp\/v2\/posts\/1529"}],"collection":[{"href":"https:\/\/srcekrajine.org\/index.php?rest_route=\/wp\/v2\/posts"}],"about":[{"href":"https:\/\/srcekrajine.org\/index.php?rest_route=\/wp\/v2\/types\/post"}],"author":[{"embeddable":true,"href":"https:\/\/srcekrajine.org\/index.php?rest_route=\/wp\/v2\/users\/2"}],"replies":[{"embeddable":true,"href":"https:\/\/srcekrajine.org\/index.php?rest_route=%2Fwp%2Fv2%2Fcomments&post=1529"}],"version-history":[{"count":2,"href":"https:\/\/srcekrajine.org\/index.php?rest_route=\/wp\/v2\/posts\/1529\/revisions"}],"predecessor-version":[{"id":1531,"href":"https:\/\/srcekrajine.org\/index.php?rest_route=\/wp\/v2\/posts\/1529\/revisions\/1531"}],"wp:attachment":[{"href":"https:\/\/srcekrajine.org\/index.php?rest_route=%2Fwp%2Fv2%2Fmedia&parent=1529"}],"wp:term":[{"taxonomy":"category","embeddable":true,"href":"https:\/\/srcekrajine.org\/index.php?rest_route=%2Fwp%2Fv2%2Fcategories&post=1529"},{"taxonomy":"post_tag","embeddable":true,"href":"https:\/\/srcekrajine.org\/index.php?rest_route=%2Fwp%2Fv2%2Ftags&post=1529"}],"curies":[{"name":"wp","href":"https:\/\/api.w.org\/{rel}","templated":true}]}}