{"id":1592,"date":"2015-01-15T23:47:58","date_gmt":"2015-01-15T22:47:58","guid":{"rendered":"https:\/\/srcekrajine.org\/?p=1592"},"modified":"2015-01-15T23:49:02","modified_gmt":"2015-01-15T22:49:02","slug":"vatikan-moze-da-osniva-skole-u-srbiji","status":"publish","type":"post","link":"https:\/\/srcekrajine.org\/?p=1592","title":{"rendered":"Vatikan mo\u017ee da osniva \u0161kole u Srbiji"},"content":{"rendered":"<div class=\"img-frame-left img-frame-horizontal\" align=\"left\">\n<div align=\"left\"><img loading=\"lazy\" decoding=\"async\" class=\"trista\" src=\"http:\/\/www.b92.net\/news\/pics\/2015\/01\/15\/55111128354b8301cd23e6596702329_orig.jpg\" alt=\"Ilustracija (Foto: Beta\/AP, arhiva)\" width=\"640\" height=\"395\" align=\"left\" border=\"1\" hspace=\"0\" vspace=\"0\" \/><\/div>\n<div class=\"brclear\"><\/div>\n<div class=\"img-caption\" align=\"left\">Ilustracija (Foto: Beta\/AP, arhiva)<\/div>\n<\/div>\n<div class=\"clear\"><\/div>\n<p>&nbsp;<\/p>\n<p>Vatikan \u2014 Rimokatoli\u010dka crkva ubudu\u0107e \u0107e u Srbiji mo\u0107i da osniva i vodi sopstvene \u0161kole i visoko\u0161kolske ustanove.<\/p>\n<div class=\"g g-4\"><\/div>\n<p>Naime, sporazum kojim je to pitanje regulisano stupio na snagu nakon \u0161to su ga ratifikovale obe ugovorne strane, saop\u0161tio je danas Vatikan.<\/p>\n<p>Sporazum o saradnji izmedu Srbije i Svete Stolice u oblasti visokog obrazovanja, potpisan je u Beogradu 27. juna 2014. godine, a stupio na snagu 12. januara ove godine.<\/p>\n<p><!--more--><\/p>\n<p>Sporazum predvi\u0111a saradnju katoli\u010dke crkve i dr\u017eave Srbije u obrazovanju, direktne kontakte ustanova koje deluju u toj oblasti kao i uzajamno priznavanje zvanja i javnih isprava o ste\u010denom visokom obrazovanju, navodi se u saop\u0161tenju.<\/p>\n<p>Prema saop\u0161tenju Vatikana, konkretnu organizacioni i finansijski detalji sporazuma bi\u0107e u narednom periodu definisani dodatnim protokolima.<\/p>\n<p>Vatikan je saop\u0161tio da je Sporazum stupio na snagu u skladu sa \u010dlanom 7. koji predvi\u0111a uslove za to.<\/p>\n<p>U samom sporazumu pi\u0161e da on stupa na snagu \u201cna dan prijema poslednjeg obave\u0161tenja diplomatskim putem o ispunjenosti svih uslova koji su predvi\u0111eni unutra\u0161njim zakonodavstvima dve strane za po\u010detak va\u017eenja ovog sporazuma\u201d.<\/p>\n<p>Zakon o sporazumu su u junu pro\u0161le godine potpisali \u0161ef srpske diplomatije Ivica Da\u010di\u0107 i \u010dlan vatikanske kurije nadle\u017ean za pravosu\u0111e, nadbiskup Dominik Mamberti.<\/p>\n<p>Izvor: <a title=\"Vatikan mo\u017ee da osniva \u0161kole u SRB\" href=\"http:\/\/www.b92.net\/info\/vesti\/index.php?yyyy=2015&amp;mm=01&amp;dd=15&amp;nav_category=78&amp;nav_id=947334\" target=\"_blank\">b92vesti<\/a><br \/>\nRead more at http:\/\/scradar.com\/najnovije-vesti\/vatikan-moze-da-osniva-skole-u-srb\/#qkgMqEZLLCwu8UCE.99<\/p>\n","protected":false},"excerpt":{"rendered":"<p>Ilustracija (Foto: Beta\/AP, arhiva) &nbsp; Vatikan \u2014 Rimokatoli\u010dka crkva ubudu\u0107e \u0107e u Srbiji mo\u0107i da osniva i vodi sopstvene \u0161kole i visoko\u0161kolske ustanove. Naime, sporazum kojim je to pitanje regulisano stupio na snagu nakon \u0161to su ga ratifikovale obe ugovorne strane, saop\u0161tio je danas Vatikan. Sporazum o saradnji izmedu Srbije i Svete Stolice u oblasti [&hellip;]<\/p>\n","protected":false},"author":1,"featured_media":0,"comment_status":"open","ping_status":"open","sticky":false,"template":"","format":"standard","meta":{"footnotes":""},"categories":[1],"tags":[],"_links":{"self":[{"href":"https:\/\/srcekrajine.org\/index.php?rest_route=\/wp\/v2\/posts\/1592"}],"collection":[{"href":"https:\/\/srcekrajine.org\/index.php?rest_route=\/wp\/v2\/posts"}],"about":[{"href":"https:\/\/srcekrajine.org\/index.php?rest_route=\/wp\/v2\/types\/post"}],"author":[{"embeddable":true,"href":"https:\/\/srcekrajine.org\/index.php?rest_route=\/wp\/v2\/users\/1"}],"replies":[{"embeddable":true,"href":"https:\/\/srcekrajine.org\/index.php?rest_route=%2Fwp%2Fv2%2Fcomments&post=1592"}],"version-history":[{"count":3,"href":"https:\/\/srcekrajine.org\/index.php?rest_route=\/wp\/v2\/posts\/1592\/revisions"}],"predecessor-version":[{"id":1595,"href":"https:\/\/srcekrajine.org\/index.php?rest_route=\/wp\/v2\/posts\/1592\/revisions\/1595"}],"wp:attachment":[{"href":"https:\/\/srcekrajine.org\/index.php?rest_route=%2Fwp%2Fv2%2Fmedia&parent=1592"}],"wp:term":[{"taxonomy":"category","embeddable":true,"href":"https:\/\/srcekrajine.org\/index.php?rest_route=%2Fwp%2Fv2%2Fcategories&post=1592"},{"taxonomy":"post_tag","embeddable":true,"href":"https:\/\/srcekrajine.org\/index.php?rest_route=%2Fwp%2Fv2%2Ftags&post=1592"}],"curies":[{"name":"wp","href":"https:\/\/api.w.org\/{rel}","templated":true}]}}