{"id":1643,"date":"2015-01-18T18:51:11","date_gmt":"2015-01-18T17:51:11","guid":{"rendered":"https:\/\/srcekrajine.org\/?p=1643"},"modified":"2015-01-18T18:51:11","modified_gmt":"2015-01-18T17:51:11","slug":"bjelic-otimanje-trepce-pocelo-desantom","status":"publish","type":"post","link":"https:\/\/srcekrajine.org\/?p=1643","title":{"rendered":"Bjeli\u0107: Otimanje &#8222;Trep\u010de&#8220; po\u010delo desantom"},"content":{"rendered":"<p><span class=\"author\">Milena Markovi\u0107<\/span> | 18. januar 2015.<\/p>\n<div class=\"gallery\">\n<div class=\"imgb\"><a class=\"verticalArticleImage cboxElement\" href=\"http:\/\/www.novosti.rs\/upload\/images\/2015\/\/01\/17\/eko-trepca.jpg\"> <img decoding=\"async\" src=\"http:\/\/www.novosti.rs\/upload\/thumbs\/images\/2015\/\/01\/17\/eko-trepca_620x0.jpg\" alt=\" Novak Bjeli\u0107, biv\u0161i direktor \u201eTrep\u010de\u201c \/ Foto V. Danilov\" \/> <\/a><\/div>\n<p class=\"caption aaaaa\">Novak Bjeli\u0107, biv\u0161i direktor \u201eTrep\u010de\u201c \/ Foto V. Danilov<\/p>\n<p>Pristajem na ovaj razgovor iz dva razloga. Prvi je da bude u korist na\u0161oj dr\u017eavi. Drugi je \u0161to od mene to tra\u017ee &#8222;Novosti&#8220;.<\/p>\n<div class=\"inlineBanner\"><\/div>\n<\/div>\n<p><!--more--><\/p>\n<p>Pred nama je Novak Bjeli\u0107, magistar ekonomije, direktor &#8222;Trep\u010de&#8220;, koji je ovaj kombinat tokom petogodi\u0161njeg mandata (od 1995. do 2000) od gotovo izvesnog invalida pridigao do najuspe\u0161nijeg kosmetskog preduze\u0107a. Bilo je to vreme kada ovaj kombinat nije bio samo &#8222;zlatna nit&#8220; nekada\u0161nje srpske privrede, ve\u0107 i nada u egzistenciju i opstanak na\u0161eg naroda u ju\u017enoj srpskoj pokrajini.<\/p>\n<p>&#8211; Ne bih \u017eeleo da ova pri\u010da bude pri\u010da o mojoj sudbini &#8211; ka\u017ee, rukuju\u0107i se s nama \u010deli\u010dno sna\u017enim stiskom, kao da mu nije sedamdeset \u0161esta. &#8211; \u0160ta sam ja, i ko sam, naspram sudbine jedne &#8222;Trep\u010de&#8220; u koju sam ugradio tek deo \u017eivota. &#8222;Trep\u010da&#8220; je simbol. Mera snage Srba na Kosmetu. Mera snage predstoje\u0107ih pregovora u Briselu. Na tu vagu, to je posebno va\u017eno, potrebno je da se s na\u0161e strane postavi teg da je &#8222;Trep\u010da&#8220;, u danima kada je nasilno oteta, bila privatno vlasni\u0161tvo srpskih kompanija. Neprikosnoveno pravo koje va\u017ei u zapadnom svetu. Za\u0161to su prekr\u0161ili to pravo? To je odgovor na kome treba da se bazira na\u0161a odbrana. Ako ikada dobiju dr\u017eavu, \u201eTrep\u010du\u201c ne\u0107e<\/p>\n<p>Suo\u010davamo Novaka Bjeli\u0107a sa saop\u0161tenjem iz Pri\u0161tine, sa\u017eeto u re\u010denici premijera Ise Mustafe, dato uo\u010di ovog vikenda. Isa je poru\u010dio: &#8222;`Trep\u010da` je vlasni\u0161tvo Kosova!&#8220;.<\/p>\n<p>To je la\u017e &#8211; sko\u010dio je kao oparen Novak Bjeli\u0107. Udario je rukom o sto. I vi\u0161e puta ponovio&#8230; &#8222;La\u017e, la\u017e&#8220;. &#8211; &#8222;Trep\u010du&#8220; su nam oteli na sramotu me\u0111unarodne zajednice, koja je po rezoluciji 1244 SB Ujedinjenih nacija dobila pravo upravljanja nad Kosovom i Metohijom. Ali, nije dobila i pravo upravljanja nad privatnim vlasni\u0161tvom ovog srpskog kombinata.<\/p>\n<p>Vra\u0107amo vreme u dane kada je &#8222;Trep\u010da&#8220; na silu oteta. U to vreme posle Bjeli\u0107evog petogodi\u0161njeg mandata, &#8222;Trep\u010da&#8220; je imala 16.000 radnika. On ju je zatekao sa \u010detiri puta manje zaposlenih na nepla\u0107enom, prinudnom odsustvu. Poslovala je, u me\u0111uvremenu, \u010dak i u uslovima najte\u017eih sankcija, sa neslu\u0107enim dohotkom. I nadom da je oslonac srpskom narodu i srpskoj dr\u017eavi, jer je bila jedino preduze\u0107e koje je, \u010ditavu godinu, odolevalo okupaciji. A najbogatiji posed na Balkanu.<\/p>\n<p>&#8211; Bernar Ku\u0161ner je, u to vreme, bio \u0161ef civilne misije na Kosovu i Metohiji &#8211; vra\u0107a se\u0107anje Bjeli\u0107. &#8211; Jedan od prvih njegovih zadataka je bio da, kako god, okupira &#8222;Trep\u010du&#8220;. Slomi duh naroda. Po\u010deo je diplomatski. Najpre je tra\u017eio da mu dostavimo strukturu vlasni\u0161tva kombinata. Zahtev je upu\u0107en na mene, li\u010dno. I dostavio sam mu: &#8222;Trep\u010da&#8220; je deoni\u010darsko dru\u0161tvo. Suvlasnici su: srpske banke, osiguravaju\u0107a dru\u0161tva i mnoga druga srpska preduze\u0107a&#8230; To je Ku\u0161nera i njegov tim pravnika stavilo na velike muke, ali je prihvatio da je &#8222;Trep\u010da&#8220; privatno vlasni\u0161tvo.<\/p>\n<p>\u0110avo, me\u0111utim, ne ore i ne kopa. Smi\u0161lja \u0161ta i kako dalje.<\/p>\n<p>&#8222;Trep\u010da&#8220; je bila i ostala najtvr\u0111i orah.<\/p>\n<p>&#8211; Budu\u0107i da su sva javna preduze\u0107a u nadle\u017enosti dr\u017eave Srbije ve\u0107 okupirana, tako i Elektro Kosovo, Ku\u0161ner je nalo\u017eio da kombinatu isklju\u010de struju &#8211; govori Bjeli\u0107. &#8211; Mi, ipak, preko Rogozna postavimo kablove i dovedemo struju iz Novog Pazara. Onda su smislili da nam prekinu vodosnabdevanje. Napakovali su pri\u010du, gotovo istovetnu, koja je \u010detiri godine kasnije bila povod za pogrom na\u0161eg naroda. Navodno, u delu Ibra, odakle smo crpeli vodu, utopila su se dva albanska de\u010daka, pa je dopremanje vode sa te pozicije prema &#8222;Trep\u010di&#8220; trebalo zatvoriti. Prepoznali smo nameru i sna\u0161li smo se. &#8222;Trep\u010da&#8220; je nastavila rad. Ubrzo, potom, optu\u017eili su nas da zaga\u0111ujemo vazduh. Uputili su ekipu da nas obavesti kako &#8222;trujemo \u017eene, decu, ali i vojnike Kfora&#8220;. Upali su u Kombinat sa gas-maskama, kao vanzemaljci. Obavestio sam ih da mi stanje eventualne zaga\u0111enosti ispitujemo gotovo sedmi\u010dno i da nije bilo nijednog uznemiruju\u0107eg podatka. Nije pomoglo ni to \u0161to je Francuska, \u010diji su vojnici bili u sektoru &#8222;Trep\u010de&#8220;, uputila svog ministra zdravlja, koji je tako\u0111e saop\u0161tio da nema opasnosti od zaga\u0111enja po njihove vojnike.<\/p>\n<p>Dok govori, Novak Bjeli\u0107, kao da je upravo u vremenu u kome se sve ovo doga\u0111a. Ni sam, ka\u017ee, kada se vrati u pro\u0161lost, ne mo\u017ee da veruje sa kakvom je bezo\u010dno\u0161\u0107u me\u0111unarodne uprave bio suo\u010den.<\/p>\n<p>&#8211; U posetu nam, potom, dolazi ameri\u010dki general Kfora Vilijem Ne\u0161 i ekipa. On se ve\u0107 jednom sastao sa mojim saradnicima, tako da je sve vreme dr\u017eao noge na stolu, poput kakvog kauboja. Primio sam ga i jasno mu stavio do znanja:<\/p>\n<p>&#8211; Gospodine Ne\u0161, dimnjak &#8222;Trep\u010de&#8220; je na nekoliko desetina metara od mog kapitena. I ja, kao \u0161to vidite, lepo di\u0161em. Na manje od 300 metara je moj i dom moje porodice. I, znate li \u0161ta nas jutrima budi? Cvrkut ptica. Morate da shvatite: &#8222;Trep\u010da&#8220; je na\u0161a karaula. Da, na\u0161a karaula. Nisam, ni trenutka, bio u zabludi da \u0107e se ubrzo dogoditi ne\u0161to \u0161to \u0107e biti uvod u kona\u010dnu okupaciju &#8222;Trep\u010de&#8220;. Zato smo se pripremili na najgore. Organizovana su danono\u0107na de\u017eurstva, no\u0107 i dan &#8211; de\u017eurstvo. Hiljadu ljudi je de\u017euralo.<\/p>\n<p>Slutnja Novaka Bjeli\u0107a se obistinila. U zoru 14. avgusta usledio je desant na &#8222;Trep\u010du&#8220;.<\/p>\n<p>&#8211; Tri hiljade vojnika Kfora, \u0161to sa zemlje \u0161to iz vazduha, juri\u0161alo je na na\u0161 kombinat &#8211; se\u0107a se Novak Bjeli\u0107. &#8211; Od helikoptera, a bilo ih je te zore barem 50, zora se nije ni videla. Radnici, razumem, bili su u panici. O\u010daj i muka zavladali su &#8222;Trep\u010dom&#8220;. Naravno, prvo su uhapsili mene. Tri sata su me isle\u0111ivali. Ako me pitate da li sam u tim trenucima verovao da \u0107u pre\u017eiveti&#8230; Nisam verovao. Instinkt mi je kazivao da ne pru\u017eam otpor, kako okupator ne bi imao alibi. Posle tri sata uru\u010dili su mi naredbu Ku\u0161nera: &#8222;Proteruje se, bez prava povratka, ikada, sa teritorije Kosova Novak Bjeli\u0107, direktor `Trep\u010de`&#8220;. Pratili su me do administrativnog prelaza Jarinje do zuba naoru\u017eani vojnici Kfora.<\/p>\n<div class=\"inlineImage_right\"><img loading=\"lazy\" decoding=\"async\" src=\"http:\/\/www.novosti.rs\/upload\/images\/2015\/\/01\/17\/eko-trepca-MALA.jpg\" alt=\"\" width=\"289\" height=\"455\" \/><\/div>\n<p>Tako je proteran sa Kosova i Metohije naj\u010duveniji direktor &#8222;Trep\u010de&#8220;, neimar ovog nekada\u0161njeg giganta. I, dok ga proteruju, svetski mediji ve\u0107 \u0161alju vesti i slike da je &#8222;sa Kosova proteran va\u017ean \u010dovek, posle koga u `Trep\u010di` ni\u0161ta ne\u0107e biti isto&#8220;.<\/p>\n<p>&#8211; Zaustavio sam se u Ra\u0161ki, tu su me \u010dekali novinari &#8211; govori Bjeli\u0107. &#8211; Sa svih strana stizali su pozivi. Milo\u0161evi\u0107 je zvao iz Beograda. Verovao mi je i ja sam njemu, zbog njega sam i prihvatio da pridignem &#8222;Trep\u010du&#8220;, a poverena mi je jer sam pre toga od &#8222;Fagara&#8220; u Podujevu, ali i prethodnih firmi koje sam vodio, napravio&#8230; ne\u0107u da ka\u017eem privredna \u010duda, ali je istina da su, bez izuzetka, postale uspe\u0161ne firme.<\/p>\n<p><i>\u0160ta se u me\u0111uvremenu doga\u0111alo?<\/i><\/p>\n<p>&#8211; Dogodilo se to da je Ku\u0161ner za prvog predsednika Upravnog odbora &#8222;Trep\u010de&#8220; postavio, nikog drugog do Ha\u0161ima Ta\u010dija. A dogodilo se i to da je pola godine od mog proterivanja, u Vladi Srbije, u vreme onih nesre\u0107nih kriznih \u0161tabova, odr\u017ean sastanak &#8211; podse\u0107a Bjeli\u0107, a sve \u0161to govori dokumentuje stenografskim bele\u0161kama. &#8211; Bila je to prelazna vlada Srbije. Ni\u010dega u tome, \u0161to su predstavljali ti krizni \u0161tabovi, nisam video dobrog. Znao sam: okupacija &#8222;Trep\u010de&#8220; po\u010dela je sa desantom Kfora, a zavr\u0161ila se sa ovim kriznim \u0161tabovima. Definitivno se zavr\u0161ila. Nikada posle progona nisam pre\u0161ao administrativnu liniju izme\u0111u Srbije i Kosova, jer je Ku\u0161nerova zabrana i dalje na snazi. Imam li emocije, pitate. Imam. Kako ne bih imao.<\/p>\n<p><b>KOLEGIJUM NA KRSNOJ SLAVI <\/b><em>Novaku Bjeli\u0107u, godinama ve\u0107, ne prestaju da sti\u017eu pozivi kolega, prijatelja i sunarodnika sa Kosova i Metohije. A za krsnu slavu Svetog Dimitrija, koju slavi u izgonu, u Sopotu kod Beograda, okupi se gotovo ceo nekada\u0161nji kolegijum &#8222;Trep\u010de&#8220;. Od Bjeli\u0107eva dva zamenika, 11 pomo\u0107nika i 83 direktora Kombinata, danas su neki profesori fakulteta, poneko u penziji&#8230; Ali, Bjeli\u0107u sti\u017eu i pozivi iz evropskih prestonica, gde je rado vi\u0111en gost, a ponegde i konsultant za ekonomska pitanja u oblasti rudarstva.<\/em><\/p>\n<p><b>\u010cEKA POZIV <\/b><em>Da se kojim slu\u010dajem Novaku Bjeli\u0107u skine zabrana pristupa Kosovu i Metohiji on bi, ka\u017ee nam, ponovo oti\u0161ao tamo. &#8211; Svakodnevno mi prijatelji javljaju kakvo je stanje u &#8222;Trep\u010di&#8220; &#8211; ka\u017ee Novak Bjeli\u0107. &#8211; Svaku vest do\u017eivljavam kao da mi javljaju ne\u0161to va\u017eno, neku porodi\u010dnu brigu. Kada bi se stekli uslovi, kada bi me pozvali, ponovo bih pristao da pridignem &#8222;Trep\u010du&#8220;. Garantujem, za pola godine, godinu najvi\u0161e, &#8222;Trep\u010da&#8220; bi bila kao u vreme kada mi je prvi put poverena. Bez ikakvih ulaganja, pridigao bih je.<\/em><\/p>\n","protected":false},"excerpt":{"rendered":"<p>Milena Markovi\u0107 | 18. januar 2015. Novak Bjeli\u0107, biv\u0161i direktor \u201eTrep\u010de\u201c \/ Foto V. Danilov Pristajem na ovaj razgovor iz dva razloga. Prvi je da bude u korist na\u0161oj dr\u017eavi. Drugi je \u0161to od mene to tra\u017ee &#8222;Novosti&#8220;.<\/p>\n","protected":false},"author":2,"featured_media":0,"comment_status":"open","ping_status":"open","sticky":false,"template":"","format":"standard","meta":{"footnotes":""},"categories":[1],"tags":[],"_links":{"self":[{"href":"https:\/\/srcekrajine.org\/index.php?rest_route=\/wp\/v2\/posts\/1643"}],"collection":[{"href":"https:\/\/srcekrajine.org\/index.php?rest_route=\/wp\/v2\/posts"}],"about":[{"href":"https:\/\/srcekrajine.org\/index.php?rest_route=\/wp\/v2\/types\/post"}],"author":[{"embeddable":true,"href":"https:\/\/srcekrajine.org\/index.php?rest_route=\/wp\/v2\/users\/2"}],"replies":[{"embeddable":true,"href":"https:\/\/srcekrajine.org\/index.php?rest_route=%2Fwp%2Fv2%2Fcomments&post=1643"}],"version-history":[{"count":1,"href":"https:\/\/srcekrajine.org\/index.php?rest_route=\/wp\/v2\/posts\/1643\/revisions"}],"predecessor-version":[{"id":1644,"href":"https:\/\/srcekrajine.org\/index.php?rest_route=\/wp\/v2\/posts\/1643\/revisions\/1644"}],"wp:attachment":[{"href":"https:\/\/srcekrajine.org\/index.php?rest_route=%2Fwp%2Fv2%2Fmedia&parent=1643"}],"wp:term":[{"taxonomy":"category","embeddable":true,"href":"https:\/\/srcekrajine.org\/index.php?rest_route=%2Fwp%2Fv2%2Fcategories&post=1643"},{"taxonomy":"post_tag","embeddable":true,"href":"https:\/\/srcekrajine.org\/index.php?rest_route=%2Fwp%2Fv2%2Ftags&post=1643"}],"curies":[{"name":"wp","href":"https:\/\/api.w.org\/{rel}","templated":true}]}}