{"id":1657,"date":"2015-01-20T22:46:53","date_gmt":"2015-01-20T21:46:53","guid":{"rendered":"https:\/\/srcekrajine.org\/?p=1657"},"modified":"2015-01-20T22:46:53","modified_gmt":"2015-01-20T21:46:53","slug":"banke-nasle-resenje-hoce-jos-da-zarade-na-kreditima-u-francima","status":"publish","type":"post","link":"https:\/\/srcekrajine.org\/?p=1657","title":{"rendered":"BANKE NA\u0160LE \u201cRE\u0160ENJE\u201d Ho\u0107e jo\u0161 da zarade na kreditima u francima"},"content":{"rendered":"<p><img loading=\"lazy\" decoding=\"async\" class=\"entry-thumb\" title=\"BANKE NA\u0160LE \u201cRE\u0160ENJE\u201d Ho\u0107e jo\u0161 da zarade na kreditima u francima\" src=\"http:\/\/scradar.com\/wp-content\/uploads\/2015\/01\/374551-thumb.jpg\" alt=\"\" width=\"630\" height=\"513\" \/><\/p>\n<p>Produ\u017eenje roka otplate kredita moglo bi da pomogne zadu\u017eenima u francima, stav je banaka. To zna\u010di manju ratu, ali i mnogo vi\u0161e novca za kamatu.<\/p>\n<div class=\"g g-4\"><\/div>\n<p>Uveliko se rade kalkulacije. Jedno od re\u0161enja je da se period vra\u0107anja kredita produ\u017ei za sedam godina, a ra\u010dunica pokazuje da bi tako rata za kredit u francima bila smanjena za oko 16 odsto, koliko je bio jednokratni skok vrednosti \u201c\u0161vajcarca\u201d.<\/p>\n<p><!--more--><\/p>\n<p>&#8211; Predlo\u017ei\u0107emo da se rok otplate produ\u017ei do maksimalne 72. godine starosti, umesto do 65. godine, \u0161to je produ\u017eenje roka za sedam godina \u2013 ka\u017ee izvor \u201cBlica\u201d.<\/p>\n<p>Otplata du\u017ea sedam godina smanjenjila bi ratu za oko 16 odsto, ali pove\u0107alo ukupnu sumu. Na primeru kredita od 70.000 franaka, to je skoro 12.000 franaka vi\u0161e za kamatu!<\/p>\n<p>Korisnici kredita morali bi da potpi\u0161u novi aneks ugovora sa Nacionalnom korporacijom za osiguranje stambenih kredita. Nakon toga, banke bi izmenile uslove kreditiranja, a obavezale bi se da to u\u010dine bez dodatnih tro\u0161kova. Ali, zarade od kamate se, me\u0111utim, ne bi odrekle.<\/p>\n<p><strong>Cari\u0107: Kredite prebaciti u evre<\/strong><\/p>\n<p>Slavko Cari\u0107, predsednik Izvr\u0161nog odbora Erste banke, ju\u010de je predlo\u017eio da se krediti u francima zamene u evre. Pomo\u0107 banke bi mogla da bude da se cena zamene prebaci na kraj otplatnog perioda i da se za toliko smanji rata ili pak da banke dodatno smanje kamatnu stopu na te nove kredite koji \u0107e sada biti u evrima, a da dr\u017eava eventualno pomogne bankama u subvenciji kamatne stope.<\/p>\n<p>Predlog je i da Nacionalna korporacija za osiguranje stambenih kredita ne zara\u010dunava dodatne tro\u0161kove osiguranja, kao i da Slu\u017eba katastra ne napla\u0107uje naknade za produ\u017eenje roka upisanih hipoteka. Zarade bi morali da se odreknu i notari za overu zalo\u017enih izjava.<\/p>\n<p>&#8211; Mali broj gra\u0111ana u Srbiji zadu\u017een je u toj valuti, ali \u0107e se Vlada truditi da prona\u0111e re\u0161enje u razgovoru sa bankama i NBS kako bi se nekako pomoglo gra\u0111anima Srbije. To mora da poka\u017ee na\u0161u brigu i da pomognemo gra\u0111anima i u situaciji kada ne\u0161to od nas nije zavisilo i kada nema na\u0161e krivice \u2013 rekao je Vu\u010di\u0107 i dodao da Vlada ne snosi nikakvu odgovornost za odnos evra i franka.<\/p>\n<p>Komentari\u0161u\u0107i jedan od predloga da se fiksira kurs na 102 dinara za \u0161vajcarski franak, u NBS smatraju da to nije korektno prema korisnicima kredita koji su bili oprezniji i zadu\u017eili se u evrima.<\/p>\n<p>Analiti\u010dari \u201dAdmiral Marketsa\u201d predvi\u0111aju da bi novi udar \u0161vajcarca na deviznom tr\u017ei\u0161tu mogao da usledi ve\u0107 u \u010detvrtak, 22. januara.<\/p>\n<p><strong>Hrvatska zamrzla franak<\/strong><\/p>\n<p>Premijer Hrvatske Zoran Milanovi\u0107 izjavio je da \u0107e Vlada uputiti Saboru izmene Zakona o potro\u0161a\u010dkom kreditiranju kojima \u0107e u slede\u0107ih godinu dana fiksirati kurs \u0161vajcarske valute na 6,39 kuna na teret finansijskih institucija.<\/p>\n<p>\u201eRadi se o desetinama hiljada porodica koje sada mogu mirno da spavaju. To je moja dr\u017eavni\u010dka odluka\u201c, rekao je Milanovi\u0107.<\/p>\n<p>Izvor: <a href=\"http:\/\/www.blic.rs\/Vesti\/Ekonomija\/527853\/BANKE-NASLE-RESENJE-Hoce-jos-da-zarade-na-kreditima-u-francima\" target=\"_blank\">Blic ekonomija<\/a><\/p>\n","protected":false},"excerpt":{"rendered":"<p>Produ\u017eenje roka otplate kredita moglo bi da pomogne zadu\u017eenima u francima, stav je banaka. To zna\u010di manju ratu, ali i mnogo vi\u0161e novca za kamatu. Uveliko se rade kalkulacije. Jedno od re\u0161enja je da se period vra\u0107anja kredita produ\u017ei za sedam godina, a ra\u010dunica pokazuje da bi tako rata za kredit u francima bila smanjena [&hellip;]<\/p>\n","protected":false},"author":1,"featured_media":0,"comment_status":"open","ping_status":"open","sticky":false,"template":"","format":"standard","meta":{"footnotes":""},"categories":[1],"tags":[],"_links":{"self":[{"href":"https:\/\/srcekrajine.org\/index.php?rest_route=\/wp\/v2\/posts\/1657"}],"collection":[{"href":"https:\/\/srcekrajine.org\/index.php?rest_route=\/wp\/v2\/posts"}],"about":[{"href":"https:\/\/srcekrajine.org\/index.php?rest_route=\/wp\/v2\/types\/post"}],"author":[{"embeddable":true,"href":"https:\/\/srcekrajine.org\/index.php?rest_route=\/wp\/v2\/users\/1"}],"replies":[{"embeddable":true,"href":"https:\/\/srcekrajine.org\/index.php?rest_route=%2Fwp%2Fv2%2Fcomments&post=1657"}],"version-history":[{"count":1,"href":"https:\/\/srcekrajine.org\/index.php?rest_route=\/wp\/v2\/posts\/1657\/revisions"}],"predecessor-version":[{"id":1658,"href":"https:\/\/srcekrajine.org\/index.php?rest_route=\/wp\/v2\/posts\/1657\/revisions\/1658"}],"wp:attachment":[{"href":"https:\/\/srcekrajine.org\/index.php?rest_route=%2Fwp%2Fv2%2Fmedia&parent=1657"}],"wp:term":[{"taxonomy":"category","embeddable":true,"href":"https:\/\/srcekrajine.org\/index.php?rest_route=%2Fwp%2Fv2%2Fcategories&post=1657"},{"taxonomy":"post_tag","embeddable":true,"href":"https:\/\/srcekrajine.org\/index.php?rest_route=%2Fwp%2Fv2%2Ftags&post=1657"}],"curies":[{"name":"wp","href":"https:\/\/api.w.org\/{rel}","templated":true}]}}