{"id":19,"date":"2009-03-23T16:11:28","date_gmt":"2009-03-23T15:11:28","guid":{"rendered":"http:\/\/37.251.99.59:5000\/?p=19"},"modified":"2009-03-23T16:11:28","modified_gmt":"2009-03-23T15:11:28","slug":"obeleavanje-desete-godinjice-nato-bombardovanja","status":"publish","type":"post","link":"https:\/\/srcekrajine.org\/?p=19","title":{"rendered":"Obele\u017eavanje desete godi\u0161njice NATO bombardovanja"},"content":{"rendered":"<p><span>23.03.2009. &#8211; 09:34\t\t\t\t<\/span> \t\t<img loading=\"lazy\" decoding=\"async\" src=\"http:\/\/www.blic.rs\/_customfiles\/Image\/slike\/2009\/03_mart\/23\/politika\/bombardovanje-v1.jpg\" border=\"0\" alt=\"Obele\u017eavanje desete godi\u0161njice NATO bombardovanja\" width=\"470\" height=\"188\" \/>\t  <\/p>\n<p><em>Deseta godi\u0161njica NATO bombardovanja Savezne Republike Jugoslavije bi\u0107e obele\u017eena u utorak, 24. marta, zvukom sirena i polaganjem venaca na spomenike \u017ertvama rata \u0161irom Srbije. <\/em><\/p>\n<p> <!--more--> <\/p>\n<p>Vlada Srbije odr\u017ea\u0107e u utorak posebnu sednicu otvorenu za medije na kojoj \u0107e govoriti premijer Mirko Cvetkovi\u0107, dok \u0107e ministri u podne polo\u017eiti vence na vi\u0161e lokacija najve\u0107ih stradanja civila, vojnika i policajca u NATO bombardovanju. <br \/> <img loading=\"lazy\" decoding=\"async\" src=\"http:\/\/www.blic.rs\/_customfiles\/Image\/slike\/2009\/03_mart\/23\/politika\/bombardovanje-v2.jpg\" border=\"0\" width=\"470\" height=\"188\" \/> <br \/>Na teritoriji Srbije u utorak, 24. marta, u podne oglasi\u0107e se sirene u znak se\u0107anja na nevino postradale a Vlada Srbije poziva gra\u0111ane da za to vreme obustave aktivnosti i minutom \u0107utanja odaju po\u010dast \u017ertvama. <br \/>U svim osnovnim i srednjim \u0161kolama u Srbiji bi\u0107e odr\u017eani posebni programi komemorativnog karaktera, dok \u0107e ministri polo\u017eiti vence na spomenik poginulim pripadicima RV i PVO u Zemunu, spomen obele\u017eju &#8222;Za\u0161to?&#8220; u Ta\u0161majdanskom parku, kao i na spomenike u Aleksincu, Varvarinu, Grdeli\u010dkoj klisuri, Ni\u0161u i u Somboru. <br \/>Pomen stradalima bi\u0107e odr\u017ean u crkvi Svetog Marka u 17 sati dok \u0107e u 18.45 u svim hramovima Srpske pravoslavne crkve zvonjavom biti ozna\u010den trenutak kada je pala prva bomba. <br \/>U Centru za kulturu i obrazovanje u Rakovici bi\u0107e otvorena izlo\u017eba fotografija &#8222;Stra\u017eevica 1999. godine&#8220;, a nakon toga bi\u0107e odr\u017eana akademija. <br \/>Povodom obele\u017eavanja godi\u0161njice NATO bombardovanja u 19.30 na Kolarcu bi\u0107e predstavljena knjige Dobrice \u0106osi\u0107a &#8222;Vreme zmija&#8220;, koja je sastavljena od pi\u0161\u010devih zapisa za vreme rata. <br \/>Desetogodi\u0161njica NATO bombardovanja bi\u0107e obele\u017eena i u severnom delu Kosovske Mitrovice gde \u0107e biti organizovan &#8222;Mar\u0161 mira&#8220; u kome \u0107e, prema najavama organizatora, u\u010destvovati gra\u0111ani iz svih op\u0161tina sa severa pokrajine. <br \/>Mar\u0161 \u0107e simboli\u010dno biti zavr\u0161en u 12.44, kao aluzija na Rezoluciju Saveta bezbednosti UN 1244 o Kosovu. Planirano je da u 19:41, kada je na Pri\u0161tinu pala prva bomba 1999. godine, po\u010dne manifestacija pod nazivom &#8222;Vaskrsni Srbijo, da bo\u017euri nikada ne uvenu&#8220;.  \t\t\t<\/p>\n","protected":false},"excerpt":{"rendered":"<p>23.03.2009. &#8211; 09:34 Deseta godi\u0161njica NATO bombardovanja Savezne Republike Jugoslavije bi\u0107e obele\u017eena u utorak, 24. marta, zvukom sirena i polaganjem venaca na spomenike \u017ertvama rata \u0161irom Srbije.<\/p>\n","protected":false},"author":1,"featured_media":0,"comment_status":"open","ping_status":"open","sticky":false,"template":"","format":"standard","meta":{"footnotes":""},"categories":[1],"tags":[],"_links":{"self":[{"href":"https:\/\/srcekrajine.org\/index.php?rest_route=\/wp\/v2\/posts\/19"}],"collection":[{"href":"https:\/\/srcekrajine.org\/index.php?rest_route=\/wp\/v2\/posts"}],"about":[{"href":"https:\/\/srcekrajine.org\/index.php?rest_route=\/wp\/v2\/types\/post"}],"author":[{"embeddable":true,"href":"https:\/\/srcekrajine.org\/index.php?rest_route=\/wp\/v2\/users\/1"}],"replies":[{"embeddable":true,"href":"https:\/\/srcekrajine.org\/index.php?rest_route=%2Fwp%2Fv2%2Fcomments&post=19"}],"version-history":[{"count":0,"href":"https:\/\/srcekrajine.org\/index.php?rest_route=\/wp\/v2\/posts\/19\/revisions"}],"wp:attachment":[{"href":"https:\/\/srcekrajine.org\/index.php?rest_route=%2Fwp%2Fv2%2Fmedia&parent=19"}],"wp:term":[{"taxonomy":"category","embeddable":true,"href":"https:\/\/srcekrajine.org\/index.php?rest_route=%2Fwp%2Fv2%2Fcategories&post=19"},{"taxonomy":"post_tag","embeddable":true,"href":"https:\/\/srcekrajine.org\/index.php?rest_route=%2Fwp%2Fv2%2Ftags&post=19"}],"curies":[{"name":"wp","href":"https:\/\/api.w.org\/{rel}","templated":true}]}}