{"id":19515,"date":"2018-04-06T10:42:36","date_gmt":"2018-04-06T08:42:36","guid":{"rendered":"https:\/\/srcekrajine.org\/2018\/04\/06\/tviter-ukinuo-preko-milijardu-naloga-zbog-velicanja-terorizma\/"},"modified":"2018-04-06T10:42:36","modified_gmt":"2018-04-06T08:42:36","slug":"tviter-ukinuo-preko-milijardu-naloga-zbog-velicanja-terorizma","status":"publish","type":"post","link":"https:\/\/srcekrajine.org\/?p=19515","title":{"rendered":"&#8222;Tviter&#8220; ukinuo preko milijardu naloga zbog veli\u010danja terorizma"},"content":{"rendered":"<div class=\"ftpimagefix\" style=\"float:left\"><a class=\"colorbox\" href=\"http:\/\/www.novosti.rs\/vesti\/naslovna\/tehnologije\/aktuelno.236.html:720788-Tviter-ukinuo-preko-milijardu-naloga-zbog-velicanja-terorizma\"><img decoding=\"async\" width=\"150\" src=\"http:\/\/www.novosti.rs\/upload\/thumbs\/images\/2018\/\/04\/06\/twitter-_150x90.jpg\" align=\"right\"><\/a><\/div>\n<p>\t  \t\t  Centrala Tvitera saop\u0161tila je da je od 2015. ukinuto vi\u0161e od milion naloga na kojima se &#8222;veli\u010dao terorizam&#8220;, \u0161to je, kako se navodi, signal da onima koji pozivaju na nasilje nije mesto na dru\u0161tvenim mre\u017eama.&#8220;I dalje bele\u017eimo velike pozitivne rezultate vi\u0161egodi\u0161njeg nastojanja da na\u0161u mre\u017eu u\u010dinimo nepo\u017eeljnim mestom za one koji veli\u010daju terorizam, \u0161to ima za posledicu da je na Tviteru sve manje takvih aktivnosti\u201d, poru\u010duju iz centrale te dru\u0161tvene mre\u017ee.Tviter je poslednjih meseci poja\u010dao napore na kontroli naoga radi ukidanja onih sa radikalnim sadr\u017eajem i govorom mr\u017enje, pod sve ve\u0107im pritiskom SAD i Evrope.PRO\u010cITAJTE I: Fejsbuk ograni\u010dava dostupnost nekih podataka drugim licimaIna\u010de, u poslednjem izve\u0161taju o transparentnosti rad ate mre\u017ee, zaklju\u010dno sa 31. decembrom pro\u0161le godine, navodi se da je izme\u0111u jula i decembra zbog nasilja povezanog s veli\u010danjem terorizma ukinuto 274.460 naloga, a od 1. avgusta 2015. -i 1,14 miliona. <a href=\"http:\/\/www.novosti.rs\/vesti\/naslovna\/tehnologije\/aktuelno.236.html:720788-Tviter-ukinuo-preko-milijardu-naloga-zbog-velicanja-terorizma\" class=\"colorbox\" id=\"rssmi_more\">[&#8230;]<\/a><\/p>\n","protected":false},"excerpt":{"rendered":"<p>Centrala Tvitera saop\u0161tila je da je od 2015. ukinuto vi\u0161e od milion naloga na kojima se &#8222;veli\u010dao terorizam&#8220;, \u0161to je, kako se navodi, signal da onima koji pozivaju na nasilje nije mesto na dru\u0161tvenim mre\u017eama.&#8220;I dalje bele\u017eimo velike pozitivne rezultate vi\u0161egodi\u0161njeg nastojanja da na\u0161u mre\u017eu u\u010dinimo nepo\u017eeljnim mestom za one koji veli\u010daju terorizam, \u0161to ima [&hellip;]<\/p>\n","protected":false},"author":1,"featured_media":19516,"comment_status":"open","ping_status":"open","sticky":false,"template":"","format":"standard","meta":{"footnotes":""},"categories":[15],"tags":[],"_links":{"self":[{"href":"https:\/\/srcekrajine.org\/index.php?rest_route=\/wp\/v2\/posts\/19515"}],"collection":[{"href":"https:\/\/srcekrajine.org\/index.php?rest_route=\/wp\/v2\/posts"}],"about":[{"href":"https:\/\/srcekrajine.org\/index.php?rest_route=\/wp\/v2\/types\/post"}],"author":[{"embeddable":true,"href":"https:\/\/srcekrajine.org\/index.php?rest_route=\/wp\/v2\/users\/1"}],"replies":[{"embeddable":true,"href":"https:\/\/srcekrajine.org\/index.php?rest_route=%2Fwp%2Fv2%2Fcomments&post=19515"}],"version-history":[{"count":0,"href":"https:\/\/srcekrajine.org\/index.php?rest_route=\/wp\/v2\/posts\/19515\/revisions"}],"wp:featuredmedia":[{"embeddable":true,"href":"https:\/\/srcekrajine.org\/index.php?rest_route=\/wp\/v2\/media\/19516"}],"wp:attachment":[{"href":"https:\/\/srcekrajine.org\/index.php?rest_route=%2Fwp%2Fv2%2Fmedia&parent=19515"}],"wp:term":[{"taxonomy":"category","embeddable":true,"href":"https:\/\/srcekrajine.org\/index.php?rest_route=%2Fwp%2Fv2%2Fcategories&post=19515"},{"taxonomy":"post_tag","embeddable":true,"href":"https:\/\/srcekrajine.org\/index.php?rest_route=%2Fwp%2Fv2%2Ftags&post=19515"}],"curies":[{"name":"wp","href":"https:\/\/api.w.org\/{rel}","templated":true}]}}