{"id":19543,"date":"2018-04-07T23:38:14","date_gmt":"2018-04-07T21:38:14","guid":{"rendered":"https:\/\/srcekrajine.org\/2018\/04\/07\/od-ponedeljka-facebook-uvodi-novo-pravilo\/"},"modified":"2018-04-07T23:38:14","modified_gmt":"2018-04-07T21:38:14","slug":"od-ponedeljka-facebook-uvodi-novo-pravilo","status":"publish","type":"post","link":"https:\/\/srcekrajine.org\/?p=19543","title":{"rendered":"Od ponedeljka Facebook uvodi novo pravilo"},"content":{"rendered":"<div class=\"ftpimagefix\" style=\"float:left\"><a class=\"colorbox\" href=\"http:\/\/www.novosti.rs\/vesti\/naslovna\/tehnologije\/aktuelno.236.html:721073-Od-ponedeljka-Facebook-uvodi-novo-pravilo\"><img decoding=\"async\" width=\"150\" src=\"http:\/\/www.novosti.rs\/upload\/thumbs\/images\/2018\/\/04\/07n\/facebook_620x0_150x90.jpg\" align=\"right\"><\/a><\/div>\n<p>\t  \t\t  Jedna od najve\u0107ih promena koja \u0107e po\u010deti da se primenjuje od ponedeljka na Facebooku jeste kontrolisanje aplikacija.U blogu povodom novih promena, Majk \u0160refer, zadu\u017een za tehnologiju u Facebooku, izjavio je:&#8220;Od 9. aprila \u0107emo po\u010deti da prikazujemo ljudima link na vrhu News Feeda kako bi mogli da vide koje aplikacije koriste &#8211; i sve informacije koje sa njima dele. Tako\u0111e, svi \u0107e mo\u0107i da uklone one aplikacije koje vi\u0161e ne \u017eele&#8220;.\u0160refer je tako\u0111e najavio da \u0107e svi korisnici uskoro saznati i da li su njihovi podaci dospeli u ruke kompanije Cambridge Analytica.Od ve\u0107ih promena koje \u0107e uskoro biti aktivirane su i uklanjanje opcije da pronalazite prijatelje putem telefonskog broja i brisanje svih sa\u010duvanih poruka i telefonskih poziva starijih od godinu dana. <a href=\"http:\/\/www.novosti.rs\/vesti\/naslovna\/tehnologije\/aktuelno.236.html:721073-Od-ponedeljka-Facebook-uvodi-novo-pravilo\" class=\"colorbox\" id=\"rssmi_more\">[&#8230;]<\/a><\/p>\n","protected":false},"excerpt":{"rendered":"<p>Jedna od najve\u0107ih promena koja \u0107e po\u010deti da se primenjuje od ponedeljka na Facebooku jeste kontrolisanje aplikacija.U blogu povodom novih promena, Majk \u0160refer, zadu\u017een za tehnologiju u Facebooku, izjavio je:&#8220;Od 9. aprila \u0107emo po\u010deti da prikazujemo ljudima link na vrhu News Feeda kako bi mogli da vide koje aplikacije koriste &#8211; i sve informacije koje [&hellip;]<\/p>\n","protected":false},"author":1,"featured_media":19544,"comment_status":"open","ping_status":"open","sticky":false,"template":"","format":"standard","meta":{"footnotes":""},"categories":[15],"tags":[],"_links":{"self":[{"href":"https:\/\/srcekrajine.org\/index.php?rest_route=\/wp\/v2\/posts\/19543"}],"collection":[{"href":"https:\/\/srcekrajine.org\/index.php?rest_route=\/wp\/v2\/posts"}],"about":[{"href":"https:\/\/srcekrajine.org\/index.php?rest_route=\/wp\/v2\/types\/post"}],"author":[{"embeddable":true,"href":"https:\/\/srcekrajine.org\/index.php?rest_route=\/wp\/v2\/users\/1"}],"replies":[{"embeddable":true,"href":"https:\/\/srcekrajine.org\/index.php?rest_route=%2Fwp%2Fv2%2Fcomments&post=19543"}],"version-history":[{"count":0,"href":"https:\/\/srcekrajine.org\/index.php?rest_route=\/wp\/v2\/posts\/19543\/revisions"}],"wp:featuredmedia":[{"embeddable":true,"href":"https:\/\/srcekrajine.org\/index.php?rest_route=\/wp\/v2\/media\/19544"}],"wp:attachment":[{"href":"https:\/\/srcekrajine.org\/index.php?rest_route=%2Fwp%2Fv2%2Fmedia&parent=19543"}],"wp:term":[{"taxonomy":"category","embeddable":true,"href":"https:\/\/srcekrajine.org\/index.php?rest_route=%2Fwp%2Fv2%2Fcategories&post=19543"},{"taxonomy":"post_tag","embeddable":true,"href":"https:\/\/srcekrajine.org\/index.php?rest_route=%2Fwp%2Fv2%2Ftags&post=19543"}],"curies":[{"name":"wp","href":"https:\/\/api.w.org\/{rel}","templated":true}]}}