{"id":19896,"date":"2018-05-08T06:58:30","date_gmt":"2018-05-08T04:58:30","guid":{"rendered":"https:\/\/srcekrajine.org\/?p=19896"},"modified":"2018-05-08T06:59:37","modified_gmt":"2018-05-08T04:59:37","slug":"ministar-vujovic-podneo-ostavku-mali-preuzima-finansije","status":"publish","type":"post","link":"https:\/\/srcekrajine.org\/?p=19896","title":{"rendered":"Ministar Vujovi\u0107 podneo ostavku; Mali preuzima finansije?"},"content":{"rendered":"<p><span class=\"author\">NovostiOnline<\/span>\u00a0| 07. maj 2018.<\/p>\n<p><img decoding=\"async\" src=\"http:\/\/www.novosti.rs\/upload\/thumbs\/images\/2018\/\/05\/07n\/dusan_620x0.jpg\" alt=\" Foto: Tanjug\" \/><\/p>\n<p>MINISTAR finansija Du\u0161an Vujovi\u0107 obavestio je premijerku Anu Brnabi\u0107 pisanim putem da vi\u0161e ne\u0107e ostati na toj funkciji i da ostavku podnosi iz li\u010dnih razloga, saznaju &#8222;Novosti&#8220;. Njegov naslednik najverovatnije \u0107e biti Sini\u0161a Mali.<\/p>\n<p><!--more--><\/p>\n<p>Prema na\u0161im informacijama, o svom iznenadnom ali ipak o\u010dekivanom koraku, sada ve\u0107 biv\u0161i ministar \u017eeleo je najpre da obavesti predsednicu Vlade i izabrao je trenutak kada je ve\u0107 najavljena temeljna rekonstrukcija njenog kabineta, koju je ubrzao otvoren udar ministarki Zorane Mihajlovi\u0107 i Jadranke Joksimovi\u0107 na nju. Prema nepotvr\u0111enim informacijama, Vujovi\u0107 je u svom obave\u0161tenju naveo da su \u010detiri godine u veoma osetljivom portfelju bile dovoljne da on poka\u017ee koliko zna i vredi i da nema \u017eelju da i dalje rukovodi finansijama Srbije. O povla\u010delju Vujovi\u0107a sa ove odgovorne funkcije mesecima se spekulisalo u Nemanjinoj 11, tako da ovaj njegov potez, iako izgleda nagao, ne predstavlja iznena\u0111enje.<\/p>\n<p>Kako saznajemo, Vujovi\u0107 se vra\u0107a u Ameriku, gde \u0107e nastaviti da obavlja konsultantski posao u Svetskoj banci.<\/p>\n<p>Nekada\u0161nji ministar finansija bio je na ovoj poziciji od 2014. godine. Pre toga, kao \u010dlan Vlade Vujovi\u0107 je bio na mestu ministra privrede od aprila 2014. do avgusta iste godine. Karijeru je zapo\u010deo kao asistent na Institutu za me\u0111unarodnu politiku i privredu u Beogradu i kao asistent na Ekonomskom fakultetu u Beogradu, a potom i kao docent i vanredni profesor na tom fakultetu.<\/p>\n<p>Bio je dugogodi\u0161nji saradnik Svetske banke.<\/p>\n<p>&#8211; Nikada nisam tr\u010dao za funkcijama i bila mi je velika \u010dast \u0161to sam vodio Beograd \u010detiri godine &#8211; kazao je Sini\u0161a Mali koji je ve\u0107 &#8222;vi\u0111en&#8220; za naslednika Du\u0161ana Vujovi\u0107a u resoru finansija.<\/p>\n","protected":false},"excerpt":{"rendered":"<p>NovostiOnline\u00a0| 07. maj 2018. MINISTAR finansija Du\u0161an Vujovi\u0107 obavestio je premijerku Anu Brnabi\u0107 pisanim putem da vi\u0161e ne\u0107e ostati na toj funkciji i da ostavku podnosi iz li\u010dnih razloga, saznaju &#8222;Novosti&#8220;. Njegov naslednik najverovatnije \u0107e biti Sini\u0161a Mali.<\/p>\n","protected":false},"author":2,"featured_media":0,"comment_status":"open","ping_status":"open","sticky":false,"template":"","format":"standard","meta":{"footnotes":""},"categories":[1],"tags":[],"_links":{"self":[{"href":"https:\/\/srcekrajine.org\/index.php?rest_route=\/wp\/v2\/posts\/19896"}],"collection":[{"href":"https:\/\/srcekrajine.org\/index.php?rest_route=\/wp\/v2\/posts"}],"about":[{"href":"https:\/\/srcekrajine.org\/index.php?rest_route=\/wp\/v2\/types\/post"}],"author":[{"embeddable":true,"href":"https:\/\/srcekrajine.org\/index.php?rest_route=\/wp\/v2\/users\/2"}],"replies":[{"embeddable":true,"href":"https:\/\/srcekrajine.org\/index.php?rest_route=%2Fwp%2Fv2%2Fcomments&post=19896"}],"version-history":[{"count":3,"href":"https:\/\/srcekrajine.org\/index.php?rest_route=\/wp\/v2\/posts\/19896\/revisions"}],"predecessor-version":[{"id":19899,"href":"https:\/\/srcekrajine.org\/index.php?rest_route=\/wp\/v2\/posts\/19896\/revisions\/19899"}],"wp:attachment":[{"href":"https:\/\/srcekrajine.org\/index.php?rest_route=%2Fwp%2Fv2%2Fmedia&parent=19896"}],"wp:term":[{"taxonomy":"category","embeddable":true,"href":"https:\/\/srcekrajine.org\/index.php?rest_route=%2Fwp%2Fv2%2Fcategories&post=19896"},{"taxonomy":"post_tag","embeddable":true,"href":"https:\/\/srcekrajine.org\/index.php?rest_route=%2Fwp%2Fv2%2Ftags&post=19896"}],"curies":[{"name":"wp","href":"https:\/\/api.w.org\/{rel}","templated":true}]}}