{"id":20,"date":"2009-03-24T21:19:26","date_gmt":"2009-03-24T20:19:26","guid":{"rendered":"http:\/\/37.251.99.59:5000\/?p=20"},"modified":"2009-03-24T21:19:26","modified_gmt":"2009-03-24T20:19:26","slug":"odata-pota-rtvama","status":"publish","type":"post","link":"https:\/\/srcekrajine.org\/?p=20","title":{"rendered":"Odata po\u0161ta \u017ertvama"},"content":{"rendered":"<div><\/div>\n<div><span style=\"color: #444444; font-family: 'Lucida Grande'; font-size: 14px; line-height: 24px\" class=\"Apple-style-span\"><img decoding=\"async\" src=\"http:\/\/www3.serbiancafe.com\/lat\/vesti\/img\/20090324_golubovi.jpg\" border=\"0\" \/><\/p>\n<p style=\"border-style: initial; border-color: initial; outline-width: 0px; outline-style: initial; outline-color: initial; font-weight: inherit; font-style: inherit; font-size: 100%; font-family: inherit; vertical-align: baseline; color: #333333; border-width: 0px; padding: 0px; margin: 0px\">\u0160irom Srbije, u 12 \u010dasova, oglasile su se sirene u znak se\u0107anja na \u017ertve NATO bombardovanja, a minutom \u0107utanja odata im je po\u0161ta.\u00a0<\/p>\n<p>\u010clanovi Vlade u podne su polo\u017eili vence na mestima najve\u0107ih stradanja tokom NATO bombardovanja.<\/p>\n<p>Ministar unutra\u0161njih poslova Srbije Ivica Da\u010di\u0107 otkrio je spomen-plo\u010du na zgradi MUP-a u Beogradu, u znak se\u0107anja na poginule policajce u NATO bombardovanju 1999. godine i svim pripadnicima MUP-a koji su poginuli u odbrani zemlje.<\/p>\n<p> <!--more--> <br \/>Da\u010di\u0107 je podsetio da je tokom NATO bombardovanja 177 policajaca poginulo, a da je 800 pripadnika MUP-a tokom 90-ih godina izgubilo \u017eivote na du\u017enosti.<\/p>\n<p>Ministar odbrane Dragan \u0160utanovac polo\u017eio je venac na spomen-obele\u017eje stradalim pripadnicima RV i PVO Vojske Jugoslavije, na zdanju Komande Ratnog vazduhoplovstava Vojske Srbije u Zemunu.<\/p>\n<p>Ministar rada i socijalne politike Rasim Ljaji\u0107 polo\u017eio je venac u Ta\u0161majdanskom parku, pred spomen-obele\u017eje stradaloj deci. Vence su polo\u017eili i predstavnici Vojske, ambasador Rusije Aleksandar Konucin i gra\u0111ani.<\/p>\n<p>Ministar je ocenio da je bombardovanjem najmanje ka\u017enjen re\u017eim a najvi\u0161e gra\u0111ani, i da su posledice katastrofalne. Prema njegovim re\u010dima, tokom bombardovanja je poginulo 89-oro dece i vi\u0161e od 2.500 civila, a materijalna \u0161teta se kre\u0107e izme\u0111u 30 i 100 milijardi dolara.<\/p>\n<p>\u00a0<\/p>\n<h4 style=\"border-style: initial; border-color: initial; outline-width: 0px; outline-style: initial; outline-color: initial; font-style: inherit; font-family: inherit; vertical-align: baseline; color: #444444; font-size: 1em; font-weight: bolder; border-width: 0px; padding: 0px; margin: 0px\">Se\u0107anje na \u017ertve u Vojvodini<\/h4>\n<p>Predsednik Izvr\u0161nog ve\u0107a Vojvodine Bojan Pajti\u0107 polo\u017eio je venac u spomen svim \u017ertvamana platou kod Varadinskog mosta u Novom Sadu, na spomen plo\u010du Olega Nasova, koji je 1. aprila 1999. poginuo prilikom bombardovanja Petrovaradinskog mosta.<\/p>\n<p>Povodom desete godi\u0161njice po\u010detka NATO agresije na Srbiju, u Pan\u010devu, koje je bilo vi\u0161e puta bombardovano odr\u017eano je nekoliko tribina i skupova, a polo\u017eeni su i venci na spomen-obele\u017eja \u017ertvama.<\/p>\n<p>U zgradi Gradske skup\u0161tine odr\u017eana je sednica \u0160taba civilne za\u0161tite, gde je bilo re\u010di o svim aktivnostima za vreme bombardovanja koje je zbog hemijske industrije, sme\u0161tene u tom gradu pretilo da izazove ekolo\u0161ku katastrofu.<\/p>\n<p>Komemorativni skup odr\u017ean je i u Sremskoj Mitrovici kraj spomen-plo\u010de, posve\u0107ene stradalima kod Sokolskog doma. U NATO bombardovanju stradalo je pet \u017eitelja sremsko-mitrova\u010dke op\u0161tine. \u010cetvorica su poginula kao pripadnici Vojske Jugoslavije, dok je Ljiljana Veliki\u0107 bila civilna \u017ertva rata.<\/p>\n<h4 style=\"border-style: initial; border-color: initial; outline-width: 0px; outline-style: initial; outline-color: initial; font-style: inherit; font-family: inherit; vertical-align: baseline; color: #444444; font-size: 1em; font-weight: bolder; border-width: 0px; padding: 0px; margin: 0px\">Polaganje venaca u Ni\u0161u<\/h4>\n<p>Ministar za dijasporu Sr\u0111an Sre\u0107kovi\u0107 polo\u017eio je u Ni\u0161u vence na spomen obele\u017eje civilima stradalim tokom bombardovanja 1999. godine. Vence su polo\u017eili i svi odbornici Skup\u0161tine grada Ni\u0161a, predstavnici grada, Vojske Srbije, policijske uprave ni\u0161avskog okruga i bora\u010dkih udru\u017eenja.<\/p>\n<p>Sre\u0107kovi\u0107 je naveo da Ni\u0161, uz Pri\u0161tinu i Novi Sad, spada u gradove koji su najvi\u0161e nastradali i da je taj grad tokom 78 dana vazdu\u0161nih napada, bombardovan \u010dak 40 puta.<\/p>\n<p>\u201eTokom bombardovanja poginulo je 56 gra\u0111ana Ni\u0161a, a te\u0161ko povre\u0111eno vi\u0161e od 200 ljudi. U jednom danu, 7. maja, u bombardovanju centra grada poginulo je 15 Ni\u0161lija\u201d, naveo je ministar.<\/p>\n<p>Sre\u0107kovi\u0107 je rekao da je na Ni\u0161 ba\u010deno 36 kontejnera kasetnih bombi, \u010dija je upotreba odavno zabranjena me\u0111unarodnim konvencijama, a da je samo na Klini\u010dki centar ba\u010deno osam kontejnera takvih bombi.<\/p>\n<h4 style=\"border-style: initial; border-color: initial; outline-width: 0px; outline-style: initial; outline-color: initial; font-style: inherit; font-family: inherit; vertical-align: baseline; color: #444444; font-size: 1em; font-weight: bolder; border-width: 0px; padding: 0px; margin: 0px\">Pomen \u017ertvama na Kosovu i Metohiji<\/h4>\n<p>Sirenama u Kosovskoj Mitrovici, ne\u0161to pre podneva po\u010delo je obele\u017eavanje deset godina od NATO bombardovanja, a vi\u0161e hiljada gra\u0111ana u\u010destvuje u \u201eMar\u0161u mira\u201d koji je krenuo od glavnog mosta na Ibru u severnom delu Mitrovice do susednog Zve\u010dana. Prethodno je kod Spomenika Istine dr\u017eano opelo za sve \u017ertve bombardovanja.<\/p>\n<p>U severnom delu Kosovske Mitrovice izuzetno je poja\u010dano prisustvo pripadnika Kosovske policijske slu\u017ebe, Euleks policije i vojnika Kfora.<\/p>\n<p>Po\u0161tu stradalima u NATO bombardovanju, ali i \u017ertvama takozvane Oslobodila\u010dke vojske Kosova odali su predstavnici op\u0161tina Zve\u010dan, Kosovska Mitrovica, Udru\u017eenje boraca devedesetih, predstavnici Zajednica op\u0161tina Kosova i Metohije, SUBNOR-a, rodbina poginulih i delegacije Srpske radikalne stranke i Demokratske stranke Srbije.<\/p>\n<p>Nekoliko stotina Srba obele\u017eilo je u centru Gra\u010danice deset godina od po\u010detka NATO bombardovanja. Okupljanje je proteklo mirno i bez incidenata.<\/p>\n<p>Ispred spomenika palim borcima u proteklim ratovima, sve\u0161tenstvo i sestrinstvo Ra\u0161koprizrenske eparhije slu\u017eilo je parastos svim nevinim \u017ertvama bombardovanja i oru\u017eanog sukoba 1999. godine i stradalim Srbima na Kosovu i Metohiji.<\/p>\n<p>Nekoliko desetina ratnih veterana iz gradova sa juga Srbije odalo je na administrativnom prelazu Merdare po\u010dast stradalima na Kosovu i Metohiji.<\/p>\n<p>Predstavnici veterana i porodica poginulih na Kosovu polo\u017eili su vence i cve\u0107e, upalili sve\u0107e i minutom \u0107utanja odali po\u010dast svima koji su stradali tokom NATO bombadrdovanja.<\/p>\n<p>U crkvi Svetog Marka u Beogradu slu\u017een je pomen \u017ertvama NATO bombardovanja. Pomen je slu\u017eio mitropolit crnogorsko primorski Amfilohije uz saslu\u017eenje \u010dlanova Svetog arhijerijskog sinoda SPC.<\/p>\n<p>Pomen je u 17 \u010dasova slu\u017een u svim hramovima SPC u zemlji i rasejanju.<\/p>\n<p>Na Trgu republike u 19 \u010dasova odr\u017ea\u0107e se miting koji organizuju Narodni pokret Srbije, Udru\u017eenje Sloboda, Branioca otad\u017ebine, Udru\u017eenje Na\u0161i, Srpski sabor dveri i druge organizacije.<\/p>\n<h4 style=\"border-style: initial; border-color: initial; outline-width: 0px; outline-style: initial; outline-color: initial; font-style: inherit; font-family: inherit; vertical-align: baseline; color: #444444; font-size: 1em; font-weight: bolder; border-width: 0px; padding: 0px; margin: 0px\">Golubovi mira u Novom Sadu<\/h4>\n<p>Gradona\u010delnik Novog Sada Igor Pavli\u010di\u0107 danas je, zajedno sa grupom u\u010denika osnovne \u0161kole \u201eJovan Popovi\u0107\u201d, sa Mosta slobode pustio golubove mira u znak se\u0107anja na desetu godi\u0161njicu bombardovanja na\u0161e Srbije.<\/p>\n<p>\u201eNa simboli\u010dan na\u010din obele\u017eavamo deceniju tragi\u010dnih doga\u0111aja pu\u0161tanjem sa ovog i jo\u0161 dva novosadska mosta ukupno 78 golubova, koliko dana je trajala agresija na tada\u0161nju Jugoslaviju\u201d, rekao je Pavli\u010di\u0107.<\/p>\n<p>\u201eOvom prilikom odajemo po\u0161tu svim nastradalima uz \u017eelju da se tako ne\u0161to nikada vi\u0161e ne ponovi. I mi koji smo pres\u017eiveli jo\u0161 snosimo posledice tog \u010dina\u201d, rekao je gradona\u010delnik. (RTS)<\/span><\/div>\n","protected":false},"excerpt":{"rendered":"<p>\u0160irom Srbije, u 12 \u010dasova, oglasile su se sirene u znak se\u0107anja na \u017ertve NATO bombardovanja, a minutom \u0107utanja odata im je po\u0161ta.\u00a0 \u010clanovi Vlade u podne su polo\u017eili vence na mestima najve\u0107ih stradanja tokom NATO bombardovanja. Ministar unutra\u0161njih poslova Srbije Ivica Da\u010di\u0107 otkrio je spomen-plo\u010du na zgradi MUP-a u Beogradu, u znak se\u0107anja na [&hellip;]<\/p>\n","protected":false},"author":1,"featured_media":0,"comment_status":"open","ping_status":"open","sticky":false,"template":"","format":"standard","meta":{"footnotes":""},"categories":[1],"tags":[],"_links":{"self":[{"href":"https:\/\/srcekrajine.org\/index.php?rest_route=\/wp\/v2\/posts\/20"}],"collection":[{"href":"https:\/\/srcekrajine.org\/index.php?rest_route=\/wp\/v2\/posts"}],"about":[{"href":"https:\/\/srcekrajine.org\/index.php?rest_route=\/wp\/v2\/types\/post"}],"author":[{"embeddable":true,"href":"https:\/\/srcekrajine.org\/index.php?rest_route=\/wp\/v2\/users\/1"}],"replies":[{"embeddable":true,"href":"https:\/\/srcekrajine.org\/index.php?rest_route=%2Fwp%2Fv2%2Fcomments&post=20"}],"version-history":[{"count":0,"href":"https:\/\/srcekrajine.org\/index.php?rest_route=\/wp\/v2\/posts\/20\/revisions"}],"wp:attachment":[{"href":"https:\/\/srcekrajine.org\/index.php?rest_route=%2Fwp%2Fv2%2Fmedia&parent=20"}],"wp:term":[{"taxonomy":"category","embeddable":true,"href":"https:\/\/srcekrajine.org\/index.php?rest_route=%2Fwp%2Fv2%2Fcategories&post=20"},{"taxonomy":"post_tag","embeddable":true,"href":"https:\/\/srcekrajine.org\/index.php?rest_route=%2Fwp%2Fv2%2Ftags&post=20"}],"curies":[{"name":"wp","href":"https:\/\/api.w.org\/{rel}","templated":true}]}}