{"id":20034,"date":"2018-05-20T08:22:51","date_gmt":"2018-05-20T06:22:51","guid":{"rendered":"https:\/\/srcekrajine.org\/?p=20034"},"modified":"2018-05-20T08:22:51","modified_gmt":"2018-05-20T06:22:51","slug":"cije-su-ikone","status":"publish","type":"post","link":"https:\/\/srcekrajine.org\/?p=20034","title":{"rendered":"\u010cije su ikone"},"content":{"rendered":"<p><span class=\"author\">S. ROV\u010cANIN TOMKOVI\u0106 &#8211; G. \u010cVOROVI\u0106\u00a0<\/span>| 19. maj 2018. 22:02 |<\/p>\n<p><img decoding=\"async\" src=\"http:\/\/www.novosti.rs\/upload\/thumbs\/images\/2018\/\/05\/18n\/02x%20(3)_620x0.jpg\" alt=\" Angela Merkel i Aleksandar Vu\u010di\u0107 AP Photo\" \/><\/p>\n<p>POSLE spu\u0161tanja zavese na Samit Evropska unija &#8211; Zapadni Balkan u Sofiji sigurno je samo jedno &#8211; Srbija i zemlje regiona mogu da kucaju na vrata Evropske unije, ali niko ne mo\u017ee da garantuje kada \u0107e im ona biti otvorena.<!--more--><\/p>\n<p>Uporni stav francuskog predsednika Emanuela Makrona da EU ne\u0107e nove \u010dlanice dok ne zbije svoje redove, takti\u010dka teza nema\u010dke kancelarke Angele Merkel da ne bi o datumima dok dr\u017eave kandidati ne ispune uslove, kao i \u0161ablonska deklaracija koja poziva na\u0161 region pod kapu EU, ali uz brojne zamke, potpuno su razotkrili stav da je prijem Zapadnog Balkana u &#8222;klub 28&#8220; na dugom \u0161tapu.<\/p>\n<p>Poziv evropskih &#8222;partnera&#8220; da re\u0161imo me\u0111usobne sukobe sa istorijskim nasle\u0111em i da se pomirimo tera nas na brzo re\u0161enje zagonetki koje nismo uspeli da prona\u0111emo tokom \u010ditavog veka. Jasan stav Merkelove da se u Uniju ne mogu unositi bilateralni sporovi skriva jo\u0161 jednu opasnost i paradoks: da nas Hrvati unedogled mogu blokirati zbog nere\u0161ene granice na Dunavu ili zato \u0161to od nas potra\u017euju 1.000 ikona, koje smo mi izvukli u Srbiju da ne stradaju u ratnom vihoru.<\/p>\n<p>Podse\u0107amo i da nije re\u0161ene grani\u010dna linija na Drini prema BiH, a sporno je zemlji\u0161te na kome su podignute hidroelektrane &#8222;Zvornik&#8220; i &#8222;Bajina Ba\u0161ta&#8220;. A, o kosovskom sporu da se i ne govori.<\/p>\n<p>Iz deklaracije provejava i obaveza da uskladimo svoju spoljnu politiku sa EU, \u0161to u prevodu zna\u010di da se odreknemo prijateljstva sa Rusijom i uvedemo joj sankcije (ako do na\u0161eg prijema uop\u0161te budu na snazi).<\/p>\n<p>&#8222;Saplitanje&#8220; nekih od zemalja \u010dlanica prati nas od po\u010detka evropske pri\u010de, a Brisel odavno neguje paralelnu politiku pritisaka i pru\u017eanja ruke. Holandija nas je svojevremeno uslovljavala saradnjom sa Hagom, Berlin je bio protiv davanja statusa kandidata na\u0161oj zemlji, a neki susedi su nas ko\u010dili pozivaju\u0107i se na prava nacionalnih manjina.<\/p>\n<p>Biv\u0161i \u0161ef diplomatije SRJ i ambasador u UN Vladislav Jovanovi\u0107 ka\u017ee, za &#8222;Novosti&#8220;, da bi \u0160ekspir doga\u0111aj u Sofiji nazvao &#8222;mnogo buke ni oko \u010dega&#8220;.<\/p>\n<p>&#8211; Ima EU mnogo hitnijih stvari od toga da se bavi nama. Ni ovoliko ne bi uradili da nema jo\u0161 prosaca za na\u0161 region, a to su Rusija, Kina i Turska. Da nije toga \u010dekali bismo jo\u0161 15 godina, koliko je pro\u0161lo od Solunskog samita kada su nam predvideli evropsku perspektivu.<\/p>\n<p>Jovanovi\u0107 tvrdi da &#8222;ne smemo da u\u0111emo u EU odricanjem od dela teritorije&#8220;:<\/p>\n<p>&#8211; Kada bismo to uradili ne bismo se mogli nazvati dr\u017eavom. Treba da pitamo EU da li nas \u017eele kao novu \u010dlanicu sa na\u0161im ustavnim granicama. Ako ka\u017eu da ne, onda da izrazimo \u017ealjenje \u0161to nas ne\u0107e, da ostanemo ekonomski privilegovani partner EU i da \u010dekamo neku bolju ponudu za nekoliko godina. Nikad se ne treba predavati.<\/p>\n<p>&nbsp;<\/p>\n<p>Analiti\u010dar Dragomir An\u0111elkovi\u0107 ka\u017ee da je iz Sofije poslata poruka da zemlje Zapadnog Balkana treba da mole za prijem, ali EU ni\u0161ta ne garantuje.<\/p>\n<p>&#8211; To je kao da kupujete kartu za predstavu za koju nije sigurno ho\u0107e li se uop\u0161te odr\u017eati, a pla\u0107ate veliku cenu. Na samitu se video veliki neuspeh evrozagovornika. Poslata je poruka da ni sama EU ne zna ho\u0107e li opstati. Poljuljana je i ravnopravnost. Jer, ustane Makron i ka\u017ee svoj stav, a ono \u0161to misle ostali nije ni va\u017eno. Nekoliko dr\u017eava donosi odluke, a ostali su statisti.<\/p>\n<div class=\"inlineImage_center\"><img decoding=\"async\" src=\"http:\/\/www.novosti.rs\/upload\/images\/2018\/\/05\/18n\/02x%20(1).jpg\" alt=\"\" \/><\/div>\n<p>An\u0111elkovi\u0107 navodi da EU tera Beograd da razgovara sa Pri\u0161tinom, a da ni unutar &#8222;kluba 28&#8220; ne postoji jedinstven stav zbog \u0160panije, Kipra, Gr\u010dke, Slova\u010dke i Rumunije, koje ne priznaju Kosovo.<\/p>\n<p>&#8211; U tome je na\u0161a sre\u0107a, \u0161to ne postoji homogen stav. I zato ne treba olako davati sve za veresiju koja je jedino \u0161to EU nudi &#8211; ka\u017ee An\u0111elkovi\u0107.<\/p>\n<p>Samit u Sofiji je zapravo samo repriza istog doga\u0111aja iz Soluna 2003. godine kada je gotovo na identi\u010dan na\u010din potvr\u0111ena evropska perspektiva Zapadnog Balkana. Od tada je pro\u0161lo \u010dak 15 godina, a na\u0161 put ka EU i dalje je posut samo obe\u0107anjima.<\/p>\n","protected":false},"excerpt":{"rendered":"<p>S. ROV\u010cANIN TOMKOVI\u0106 &#8211; G. \u010cVOROVI\u0106\u00a0| 19. maj 2018. 22:02 | POSLE spu\u0161tanja zavese na Samit Evropska unija &#8211; Zapadni Balkan u Sofiji sigurno je samo jedno &#8211; Srbija i zemlje regiona mogu da kucaju na vrata Evropske unije, ali niko ne mo\u017ee da garantuje kada \u0107e im ona biti otvorena.<\/p>\n","protected":false},"author":2,"featured_media":0,"comment_status":"open","ping_status":"open","sticky":false,"template":"","format":"standard","meta":{"footnotes":""},"categories":[1],"tags":[],"_links":{"self":[{"href":"https:\/\/srcekrajine.org\/index.php?rest_route=\/wp\/v2\/posts\/20034"}],"collection":[{"href":"https:\/\/srcekrajine.org\/index.php?rest_route=\/wp\/v2\/posts"}],"about":[{"href":"https:\/\/srcekrajine.org\/index.php?rest_route=\/wp\/v2\/types\/post"}],"author":[{"embeddable":true,"href":"https:\/\/srcekrajine.org\/index.php?rest_route=\/wp\/v2\/users\/2"}],"replies":[{"embeddable":true,"href":"https:\/\/srcekrajine.org\/index.php?rest_route=%2Fwp%2Fv2%2Fcomments&post=20034"}],"version-history":[{"count":1,"href":"https:\/\/srcekrajine.org\/index.php?rest_route=\/wp\/v2\/posts\/20034\/revisions"}],"predecessor-version":[{"id":20035,"href":"https:\/\/srcekrajine.org\/index.php?rest_route=\/wp\/v2\/posts\/20034\/revisions\/20035"}],"wp:attachment":[{"href":"https:\/\/srcekrajine.org\/index.php?rest_route=%2Fwp%2Fv2%2Fmedia&parent=20034"}],"wp:term":[{"taxonomy":"category","embeddable":true,"href":"https:\/\/srcekrajine.org\/index.php?rest_route=%2Fwp%2Fv2%2Fcategories&post=20034"},{"taxonomy":"post_tag","embeddable":true,"href":"https:\/\/srcekrajine.org\/index.php?rest_route=%2Fwp%2Fv2%2Ftags&post=20034"}],"curies":[{"name":"wp","href":"https:\/\/api.w.org\/{rel}","templated":true}]}}