{"id":20066,"date":"2018-05-21T12:27:35","date_gmt":"2018-05-21T10:27:35","guid":{"rendered":"https:\/\/srcekrajine.org\/?p=20066"},"modified":"2018-05-21T12:27:35","modified_gmt":"2018-05-21T10:27:35","slug":"zivimo-u-svetu-punom-lazi","status":"publish","type":"post","link":"https:\/\/srcekrajine.org\/?p=20066","title":{"rendered":"\u017divimo u svetu punom la\u017ei"},"content":{"rendered":"<h1 class=\"title style-scope ytd-video-primary-info-renderer\">(18.05.2018)<\/h1>\n<p>&nbsp;<\/p>\n<p><a href=\"http:\/\/www.youtube.com\/watch?v=E5Bdk8gsWmg\">http:\/\/www.youtube.com\/watch?v=E5Bdk8gsWmg<\/a><\/p>\n<p>Gost emisije &#8222;Intervju&#8220; bio je gospodin prof. dr Svetozar Radi\u0161i\u0107, pukovnik Vojske Srbije u penziji. Ekspert za strategiju i vojnu doktrinu, borbenu gotovost, \u201esvedimenzionalnu odbranu\u201c, \u201epsiholo\u0161ki rat\u201c, \u201eneoru\u017eane oblike agresije\u201c i \u201enovi svetski poredak\u201c. Na osnovu ocena eksperata u teoriju ratne ve\u0161tine uneo je novu klasifikaciju ratova, nau\u010dno obja\u0161njenje ratova u vanfizi\u010dkoj i vanvojnoj sferi, definicije savr\u0161enih i totalnih ratova, nau\u010dno obja\u0161njenje neokortikalnog rata i svedimenzione odbrane, organizacione modele za usavr\u0161avanje borbene gotovosti, nau\u010dno obja\u0161njenje u vezi sa primenom elektromagnetnog i vibratornog oru\u017eja i za\u0161tite od tih vrsta oru\u017eja, predvi\u0111anja ratova budu\u0107nosti u kojima \u0107e nestati prostor kao faktor rata. Preporu\u010dujemo Vam da pogledate ceo intervju i saznate vi\u0161e o brojnim zanimljivim temama.<\/p>\n","protected":false},"excerpt":{"rendered":"<p>(18.05.2018) &nbsp; Gost emisije &#8222;Intervju&#8220; bio je gospodin prof. dr Svetozar Radi\u0161i\u0107, pukovnik Vojske Srbije u penziji. Ekspert za strategiju i vojnu doktrinu, borbenu gotovost, \u201esvedimenzionalnu odbranu\u201c, \u201epsiholo\u0161ki rat\u201c, \u201eneoru\u017eane oblike agresije\u201c i \u201enovi svetski poredak\u201c. Na osnovu ocena eksperata u teoriju ratne ve\u0161tine uneo je novu klasifikaciju ratova, nau\u010dno obja\u0161njenje ratova u vanfizi\u010dkoj i [&hellip;]<\/p>\n","protected":false},"author":2,"featured_media":0,"comment_status":"open","ping_status":"open","sticky":false,"template":"","format":"standard","meta":{"footnotes":""},"categories":[1],"tags":[],"_links":{"self":[{"href":"https:\/\/srcekrajine.org\/index.php?rest_route=\/wp\/v2\/posts\/20066"}],"collection":[{"href":"https:\/\/srcekrajine.org\/index.php?rest_route=\/wp\/v2\/posts"}],"about":[{"href":"https:\/\/srcekrajine.org\/index.php?rest_route=\/wp\/v2\/types\/post"}],"author":[{"embeddable":true,"href":"https:\/\/srcekrajine.org\/index.php?rest_route=\/wp\/v2\/users\/2"}],"replies":[{"embeddable":true,"href":"https:\/\/srcekrajine.org\/index.php?rest_route=%2Fwp%2Fv2%2Fcomments&post=20066"}],"version-history":[{"count":1,"href":"https:\/\/srcekrajine.org\/index.php?rest_route=\/wp\/v2\/posts\/20066\/revisions"}],"predecessor-version":[{"id":20067,"href":"https:\/\/srcekrajine.org\/index.php?rest_route=\/wp\/v2\/posts\/20066\/revisions\/20067"}],"wp:attachment":[{"href":"https:\/\/srcekrajine.org\/index.php?rest_route=%2Fwp%2Fv2%2Fmedia&parent=20066"}],"wp:term":[{"taxonomy":"category","embeddable":true,"href":"https:\/\/srcekrajine.org\/index.php?rest_route=%2Fwp%2Fv2%2Fcategories&post=20066"},{"taxonomy":"post_tag","embeddable":true,"href":"https:\/\/srcekrajine.org\/index.php?rest_route=%2Fwp%2Fv2%2Ftags&post=20066"}],"curies":[{"name":"wp","href":"https:\/\/api.w.org\/{rel}","templated":true}]}}