{"id":20079,"date":"2018-05-22T16:42:10","date_gmt":"2018-05-22T14:42:10","guid":{"rendered":"https:\/\/srcekrajine.org\/?p=20079"},"modified":"2018-05-23T22:00:50","modified_gmt":"2018-05-23T20:00:50","slug":"izgorela-kuca-i-stala","status":"publish","type":"post","link":"https:\/\/srcekrajine.org\/?p=20079","title":{"rendered":"IZGORELA KU\u0106A I \u0160TALA"},"content":{"rendered":"<p><span class=\"author\">Tanjug<\/span>\u00a0| 22. maj 2018.<\/p>\n<p><strong>Du\u0161an i Mara Novakovi\u0107 u selu Zalu\u017enica, kod Oto\u010dca u Hrvatskoj, ostali su bez svega \u0161to su sticali 20 godina<\/strong><\/p>\n<p><img decoding=\"async\" src=\"http:\/\/www.novosti.rs\/upload\/thumbs\/images\/2018\/\/05\/22\/IMG-20_620x0.jpg\" alt=\" foto S.Novakovi\u0107\" \/><\/p>\n<p>KU\u0106A i \u0161tala srpskih povratnika Du\u0161ana i Mare Novakovi\u0107 u selu Zalu\u017enica, kod Oto\u010dca u Hrvatskoj, zapaljene su dok su oni bili u Srbiji.<\/p>\n<p><!--more--><\/p>\n<p>Nakon povratka u selo u nedelju, 20. maja, zatekli su stra\u0161an prizor.\u00a0Pored \u0161tale koja je totalno spaljena, uba\u010dena\u00a0je\u00a0i eksplozivna naprava i u ku\u0107u, gde je name\u0161taj i sve izgorelo.<\/p>\n<p>Kako je saop\u0161tila Sla\u0111ana Novakovi\u0107, \u0107erka Du\u0161ana i Mare,\u00a0policija je obave\u0161tena, izvr\u0161en je uvi\u0111aj, a njeni roditelji mogu samo da \u010dekaju i mole Boga da \u0107e se ne\u0161to desiti i da \u0107e se neko smilovati i pogledati njihovu situaciju.<\/p>\n<p>&#8211; Istragu je u ponedeljak izvr\u0161ila forenzi\u010darska ekipa iz Zagreba, koja \u0107e izve\u0161taj zavr\u0161iti za 15 dana &#8211; dodaje Sla\u0111ana.<\/p>\n<p>Kako ona ka\u017ee, jedina pomo\u0107 stigla je od kom\u0161ija i rodbine koji su do\u0161li da pomognu da se ra\u0161\u010disti stanje od paljevine.<\/p>\n<p>&#8211; Moj otac je i posle \u201cOluje\u201d i rata koji se desio ipak odlu\u010dio da krene u novi po\u010detak i vrati se u rodno selo Zalu\u017enicu &#8211; napisala je Sla\u0111ana. &#8211; Nije\u00a0gubio\u00a0nadu i sa svojih\u00a010 prstiju i \u017eenom Marom dolazio je\u00a0u rodnu Zalu\u017enicu.\u00a0Malo po\u00a0malo sre\u0111ivao\u00a0je\u00a0ku\u0107u i osposobljavao\u00a0je za normalan \u017eivot. Kupio je\u00a0traktor i osnovne poljoprivredne\u00a0ma\u0161ine kako bi krenuo u obradu godinama\u00a0neoranih\u00a0njiva,\u00a0kada se\u00a0dogodilo\u00a0ovo.<\/p>\n<div class=\"inlineImage_left\"><img decoding=\"async\" src=\"http:\/\/www.novosti.rs\/upload\/images\/2018\/\/05\/22\/IMG-200.jpg\" alt=\"\" \/><\/div>\n<p>Du\u0161an i Mara Novakovi\u0107 su odlu\u010dili da ostave ku\u0107u na nekoliko dana kako bi posetili decu.<\/p>\n<p>&#8211; Za nepunih 5 dana, dok je boravio u Hrtkovcima,\u00a0u poseti\u00a0unuku i svojoj deci,\u00a0moj otac se\u00a0vra\u0107a i zati\u010de slede\u0107u situaciju. Ve\u0107 u prilasku ku\u0107i, video je da na \u0161tali nema krova. Prava tuga usledila je kada je iza\u0161ao iz automobila i video taj o\u010dajan prizor. U \u0161oku su ostali i Du\u0161an i Mara, ali najve\u0107a tuga usledila je kada su pogledali put ku\u0107e i videli da je unutra sve\u00a0crno. Pod strahom\u00a0su otvorili\u00a0vrata ku\u0107e, a tu ih je do\u010dekao pakao &#8211; opisuje \u0107erka Sla\u0111ana.<\/p>\n<p>&nbsp;<\/p>\n<p>Ovaj vandalski \u010din o\u0161tro je osudio i predsednik Saveza Srba iz regiona Miodrag Linta koji\u00a0je u saop\u0161tenju naglasio da je ovo jo\u0161 jedan dokaz da u Hrvatskoj postoje jake snage koje su zadojene mr\u017enjom prema Srbima i koji se ne mogu pomiriti sa \u010dinjenicom da na kraji\u0161kom podru\u010dju \u017eivi i ovo malo Srba, koji ne \u017eele da se odreknu svog identiteta.<\/p>\n<div class=\"inlineImage_left\"><img decoding=\"async\" src=\"http:\/\/www.novosti.rs\/upload\/images\/2018\/\/05\/22\/received_10216303959141611.jpg\" alt=\"\" \/><\/div>\n<p>Linta je pozvao hrvatsku predsednicu Kolindu Grabar Kitarovi\u0107 i premijera Andreja Plenkovi\u0107a da javno osude uni\u0161tavanje imanja Du\u0161ana i Mare Novakovi\u0107 i da zatra\u017ee od nadle\u017enih organa da u \u0161to kra\u0107em roku prona\u0111u i kazne nalogodavce i po\u010dinioce ovog vandalskog \u010dina.<\/p>\n<p>-U slu\u010daju da Grabar Kitarovi\u0107 i Plenkovi\u0107 javno ne osude paljenje imanja Du\u0161ana i Mare Novakovi\u0107, to \u0107e biti ohrabrenje prousta\u0161kim snagama da nastave organizovano nasilje prema preostalim Srbima u Hrvatskoj &#8211; ocenio je Linta i naveo da je u selu Zalu\u017enica, po popisu stanovni\u0161tva 1991. godine, \u017eivelo 518 stanovnika, od \u010dega 500 Srba.<\/p>\n<div class=\"inlineImage_left\"><img decoding=\"async\" src=\"http:\/\/www.novosti.rs\/upload\/images\/2018\/\/05\/22\/received_10216303960221638.jpg\" alt=\"\" \/><\/div>\n<div class=\"inlineImage_left\">\n<p><a href=\"http:\/\/www.youtube.com\/watch?v=nOscTuDx_8M\">http:\/\/www.youtube.com\/watch?v=nOscTuDx_8M<\/a><\/p>\n<\/div>\n","protected":false},"excerpt":{"rendered":"<p>Tanjug\u00a0| 22. maj 2018. Du\u0161an i Mara Novakovi\u0107 u selu Zalu\u017enica, kod Oto\u010dca u Hrvatskoj, ostali su bez svega \u0161to su sticali 20 godina KU\u0106A i \u0161tala srpskih povratnika Du\u0161ana i Mare Novakovi\u0107 u selu Zalu\u017enica, kod Oto\u010dca u Hrvatskoj, zapaljene su dok su oni bili u Srbiji.<\/p>\n","protected":false},"author":2,"featured_media":0,"comment_status":"open","ping_status":"open","sticky":false,"template":"","format":"standard","meta":{"footnotes":""},"categories":[1],"tags":[],"_links":{"self":[{"href":"https:\/\/srcekrajine.org\/index.php?rest_route=\/wp\/v2\/posts\/20079"}],"collection":[{"href":"https:\/\/srcekrajine.org\/index.php?rest_route=\/wp\/v2\/posts"}],"about":[{"href":"https:\/\/srcekrajine.org\/index.php?rest_route=\/wp\/v2\/types\/post"}],"author":[{"embeddable":true,"href":"https:\/\/srcekrajine.org\/index.php?rest_route=\/wp\/v2\/users\/2"}],"replies":[{"embeddable":true,"href":"https:\/\/srcekrajine.org\/index.php?rest_route=%2Fwp%2Fv2%2Fcomments&post=20079"}],"version-history":[{"count":2,"href":"https:\/\/srcekrajine.org\/index.php?rest_route=\/wp\/v2\/posts\/20079\/revisions"}],"predecessor-version":[{"id":20099,"href":"https:\/\/srcekrajine.org\/index.php?rest_route=\/wp\/v2\/posts\/20079\/revisions\/20099"}],"wp:attachment":[{"href":"https:\/\/srcekrajine.org\/index.php?rest_route=%2Fwp%2Fv2%2Fmedia&parent=20079"}],"wp:term":[{"taxonomy":"category","embeddable":true,"href":"https:\/\/srcekrajine.org\/index.php?rest_route=%2Fwp%2Fv2%2Fcategories&post=20079"},{"taxonomy":"post_tag","embeddable":true,"href":"https:\/\/srcekrajine.org\/index.php?rest_route=%2Fwp%2Fv2%2Ftags&post=20079"}],"curies":[{"name":"wp","href":"https:\/\/api.w.org\/{rel}","templated":true}]}}