{"id":20282,"date":"2018-06-09T17:46:04","date_gmt":"2018-06-09T15:46:04","guid":{"rendered":"https:\/\/srcekrajine.org\/?p=20282"},"modified":"2018-06-09T17:46:04","modified_gmt":"2018-06-09T15:46:04","slug":"lazarevic-nato-na-uskrs-1999-krenuo-u-kopnenu-ofanzivu-na-srbiju","status":"publish","type":"post","link":"https:\/\/srcekrajine.org\/?p=20282","title":{"rendered":"LAZAREVI\u0106: NATO NA USKRS 1999. KRENUO U KOPNENU OFANZIVU NA SRBIJU"},"content":{"rendered":"<p><span class=\"author\">Tanjug<\/span>\u00a0| 09. jun 2018. 16:55<\/p>\n<p><img decoding=\"async\" src=\"http:\/\/www.novosti.rs\/upload\/thumbs\/images\/2018\/\/06\/09\/04LAZAREVIC-general---2610-_620x0.jpg\" alt=\" Foto M. An\u0111ela \" \/><\/p>\n<div class=\"articleLead\">\n<p><strong>General u penziji Vladimir Lazarevi\u0107, tvrdi da su snage Alijanse 9. aprila te godine poku\u0161ale kopnenu invaziju .Dobili su po prstima i vi\u0161e im to nije palo na pamet!<\/strong><\/p>\n<p>General u penziji Vladimir Lazarevi\u0107, koji je u vreme agresije NATO na Srbiju 1999. godine bio na \u010delu Pri\u0161tinskog korpusa Vojske SR Jugoslavije, tvrdi da su snage Alijanse 9. aprila te godine poku\u0161ale kopnenu invaziju, ali da je njihov nalet zaustavljen nakon vi\u0161e\u010dasovne borbe .<!--more--><\/p>\n<p>Lazarevi\u0107 je za &#8222;Politiku&#8220; govorio o periodu skoro tromese\u010dnog bombardovanja na\u0161e zemlje i o de\u0161avanjima na borbenoj liniji u centralnom delu Kosova i Metohije.<\/p>\n<p>&#8211; Moram da ka\u017eem, jer se o tome skoro uop\u0161te nije govorilo i malo se zna, da su pripadnici snaga NATO, osim svakodnevnih vazdu\u0161nih napada i bombardovanja teritorije Kosova i Metohije, 9. aprila 1999. godine, mislim da je to bilo na Uskrs, poku\u0161ali i kopnenu invaziju na na\u0161u zemlju &#8211; rekao je Lazarevi\u0107.<\/p>\n<p>&#8211; Odbranili smo se i zaustavili napade nakon vi\u0161e\u010dasovne borbe. Hrabro i vite\u0161ki suprotstavili smo se broj\u010dano ja\u010dem neprijatelju na pojasu od petnaestak kilometara du\u017e srpsko-albanske granice. Odbili smo sve njihove napade i nasrtaje &#8211; rekao je general i dodao da nikada posle toga pripadnici NATO-a nisu poku\u0161ali da &#8222;ponovo krenu kopnenim putem na nas&#8220;.<\/p>\n<\/div>\n<p>&nbsp;<\/p>\n<div class=\"social_bar\"><\/div>\n","protected":false},"excerpt":{"rendered":"<p>Tanjug\u00a0| 09. jun 2018. 16:55 General u penziji Vladimir Lazarevi\u0107, tvrdi da su snage Alijanse 9. aprila te godine poku\u0161ale kopnenu invaziju .Dobili su po prstima i vi\u0161e im to nije palo na pamet! General u penziji Vladimir Lazarevi\u0107, koji je u vreme agresije NATO na Srbiju 1999. godine bio na \u010delu Pri\u0161tinskog korpusa Vojske [&hellip;]<\/p>\n","protected":false},"author":2,"featured_media":0,"comment_status":"open","ping_status":"open","sticky":false,"template":"","format":"standard","meta":{"footnotes":""},"categories":[1],"tags":[],"_links":{"self":[{"href":"https:\/\/srcekrajine.org\/index.php?rest_route=\/wp\/v2\/posts\/20282"}],"collection":[{"href":"https:\/\/srcekrajine.org\/index.php?rest_route=\/wp\/v2\/posts"}],"about":[{"href":"https:\/\/srcekrajine.org\/index.php?rest_route=\/wp\/v2\/types\/post"}],"author":[{"embeddable":true,"href":"https:\/\/srcekrajine.org\/index.php?rest_route=\/wp\/v2\/users\/2"}],"replies":[{"embeddable":true,"href":"https:\/\/srcekrajine.org\/index.php?rest_route=%2Fwp%2Fv2%2Fcomments&post=20282"}],"version-history":[{"count":1,"href":"https:\/\/srcekrajine.org\/index.php?rest_route=\/wp\/v2\/posts\/20282\/revisions"}],"predecessor-version":[{"id":20283,"href":"https:\/\/srcekrajine.org\/index.php?rest_route=\/wp\/v2\/posts\/20282\/revisions\/20283"}],"wp:attachment":[{"href":"https:\/\/srcekrajine.org\/index.php?rest_route=%2Fwp%2Fv2%2Fmedia&parent=20282"}],"wp:term":[{"taxonomy":"category","embeddable":true,"href":"https:\/\/srcekrajine.org\/index.php?rest_route=%2Fwp%2Fv2%2Fcategories&post=20282"},{"taxonomy":"post_tag","embeddable":true,"href":"https:\/\/srcekrajine.org\/index.php?rest_route=%2Fwp%2Fv2%2Ftags&post=20282"}],"curies":[{"name":"wp","href":"https:\/\/api.w.org\/{rel}","templated":true}]}}