{"id":20641,"date":"2018-07-11T08:27:03","date_gmt":"2018-07-11T06:27:03","guid":{"rendered":"https:\/\/srcekrajine.org\/?p=20641"},"modified":"2018-07-11T08:47:04","modified_gmt":"2018-07-11T06:47:04","slug":"moguce-novo-prekomponovanje-granica-balkana-i-evrope","status":"publish","type":"post","link":"https:\/\/srcekrajine.org\/?p=20641","title":{"rendered":"Zapadu sada \u201esinulo\u201c , kada su se na\u0161li u c\u0301orsokaku"},"content":{"rendered":"<p>CK.ey &#8211; 2017<\/p>\n<p><img decoding=\"async\" class=\"photo__image\" src=\"https:\/\/images3.persgroep.net\/rcs\/ZMLYeWe9ihKaFFAXfl1_2ZT8HLk\/diocontent\/119757804\/_fitwidth\/763?appId=2dc96dd3f167e919913d808324cbfeb2&amp;quality=0.8\" alt=\"De Knock Nevis.\" \/><\/p>\n<h3><strong>Sada\u0161nji Balkan je jo\u0161 pod dominacijom atlantisti\u010dkih sila i one ga kroje po nekom svom modelu, a \u017eelele bi i da ga skroje tako da zatvore to pitanje dok su ovde jo\u0161 moc\u0301ni.<\/strong><\/h3>\n<p><!--more--><\/p>\n<h3>Neka nova me\u0111unarodna konferencija o Balkanu koja bi fakti\u010dki prekrojila sada\u0161nje granice biv\u0161ih jugoslovenskih dr\u017eava ne bi bila tako lako izvodljiva, jer bi morala biti usagla\u0161ena, pre svega, izme\u0111u velikih sila i njihovih interesa.<\/h3>\n<h3>Ovo je ukratko ocena geopoliti\u010dara Milomira Stepic\u0301a, koji za Sputnjik ka\u017ee da je takva konferencija trebalo da se odr\u017ei u trenutku kad je Jugoslavija razbijana. <strong>On napominje da su se u me\u0111uvremenu desila neka nova \u201efakti\u010dka stanja\u201c, tako da bi u takvoj konferenciji u\u010de\u0161c\u0301e morale da uzmu i Rusija i Kina, a ne samo Amerika.<\/strong><\/h3>\n<h3>\u201eUmesto da se organizuje takva konferencija i da se demokratski konstitutivni narodi, dakle ne nacionalne manjine, izjasne gde bi \u017eeleli da \u017eive, nama su sa Zapada diktirali granice koje nisu bile demokratske, odnosno, kapitalisti\u010dki Zapad nam je zacrtao komunisti\u010dke granice\u201c, podsec\u0301a Stepic\u0301.<\/h3>\n<h3>Ideju, da su balkanskim dr\u017eavama potrebne nove granice koje bi zauvek smirile ovaj deo Evrope, pre nekih godinu dana prvi je lansirao Timoti Les, autor analize politi\u010dke situacije na Balkanu iznete u ameri\u010dkom \u010dasopisu \u201eForin polisi\u201c. Les je izneo tezu da je potreban radikalan pristup nestabilnom balkanskom regionu, kako bi se do\u0161lo do mira i stabilnosti. U me\u0111uvremenu, ideja o potrebi nove me\u0111unarodne konferencije sve glasnije se \u010duje i u vrhovima balkanskih zemalja.<\/h3>\n<h3><strong><span style=\"color: #800080;\">Na\u0161 sagovornik napominje da je Zapadu sada \u201esinulo\u201c da je napravljena gre\u0161ka, i da sada, kada su se na\u0161li u c\u0301orsokaku, ponovo pokrec\u0301u pitanje granica, jer su shvatili da osim njih, koji su se u to ume\u0161ali devedesetih godina, sada postoje i druge sile kojima je Balkan ponovo bitan na globalnom planu.<\/span><\/strong><\/h3>\n<h3>Drugim re\u010dima, Rusija i Kina. Kina, dodaje na\u0161 sagovornik, u svom zamahu i ekonomske i politi\u010dke ekspanzije nec\u0301e trpeti da neko drugi re\u0161ava ta pitanja, a da ona bude prisutna samo ekonomski. \u201eMislim da je nemoguc\u0301e nametnuti neku novu konferenciju u kojoj c\u0301e u\u010destvovati samo Amerika i EU, jer za\u0161to bi Balkanci, posebno Srbi, na to pristali\u201c, pita se on.<\/h3>\n<h3><span style=\"color: #0000ff;\">Stepic\u0301, ka\u017ee, vrac\u0301ajuc\u0301i se na predlog Timoti Lesa, da on u svojoj analizi ne pominje promenu granica Hrvatske, u smislu pitanja Krajine, jer se, kako navodi, to pitanje smatra re\u0161enim \u2014 time \u0161to su Srbi proterani. Les, podsec\u0301a na\u0161 sagovornik, ne dovodi u pitanje ni granice Albanije \u2014 nego se automatski pri\u010da o \u2014 Velikoj Albaniji.<\/span><\/h3>\n<h3><span style=\"color: #0000ff;\">\u201eDakle, po njemu, tu bi trebalo od nekakvih ostataka da se napravi, na jednoj strani, pro\u0161irena Srbija prema Republici Srpskoj, a sa druge strane invalidna Srbija, jer bi izgubila Kosovo i Metohiju, odnosno, najvec\u0301i njen deo. Tako da ja nisam siguran da li je moguc\u0301e to sada izvesti, ni kako bi pre svega na tu soluciju pristale sve velike sile\u201c, dodaje Stepic\u0301. Ako bi i do\u0161lo do neke nove konferencije o granicama, Stepic\u0301 ka\u017ee da bi onda trebalo da se postave unapred odre\u0111eni principi, a on smatra da bi to moglo biti zasnovano na takozvanim, etni\u010dkim granicama.<\/span><\/h3>\n<h3><span style=\"color: #0000ff;\">\u201eMe\u0111utim, etni\u010dke granice koje ne bi uva\u017eile progon, recimo, Srba iz Krajine, nego da se vidi kakva je bila etni\u010dka struktura pre toga. U takvoj zamisli nacionalne manjine nemaju pravo na samoopredeljenje, kao \u0161to nemaju nigde. Nacionalne manjine su i Albanci i Ma\u0111ari i tako dalje. Dakle, samo konstitutivni narodi bi o tome mogli da razgovaraju\u201c, navodio on.<\/span><\/h3>\n<h3><span style=\"color: #0000ff;\">S druge strane, Stepic\u0301 isti\u010de da je sada\u0161nji Balkan jo\u0161 pod dominacijom atlantisti\u010dkih sila i one ga kroje po nekom svom modelu, a \u017eeleli bi i da ga skroje tako, da zatvore to pitanje dok su ovde jo\u0161 uvek moc\u0301ni.<\/span><\/h3>\n<h3><strong>Podsec\u0301anja radi, dana\u0161nje granice dr\u017eavica na Balkanu odredila je takozvana Badenterova arbitra\u017ena komisija (Arbitra\u017ena komisija Mirovne konferencije o Jugoslaviji) koju je sastavio Savet ministara Evropske ekonomske zajednice 27. avgusta 1991. godine. Komisija je imala pet \u010dlanova koju su \u010dinili predsednici ustavnih sudova dr\u017eava u EEZ. Ova komisija je izrekla petnaest mi\u0161ljenja o \u201evelikim pravnim pitanjima\u201c, izme\u0111u ostalog i o pitanjima koja se ti\u010du granica.<\/strong><\/h3>\n<h3><strong>Ovde je primenjen princip \u201euti possidetis\u201c, a komisija je zaklju\u010dila da se granice izme\u0111u Hrvatske i Srbije, Bosne i Hercegovine i Srbije i eventualnih drugih susednih nezavisnih dr\u017eava ne mogu menjati, \u201eosim uz slobodno postignut dogovor\u201c, ili \u201eako nije druga\u010dije dogovoreno\u201c. Drugim re\u010dima, biv\u0161e granice Republika, postaju granice za\u0161tic\u0301ene me\u0111unarodnim pravom\u201c, odnosno, dr\u017eavne granice.<\/strong><\/h3>\n<h3>Izvor: Sputniknews.com<br \/>\nFoto: Youtube pritnscreen<\/h3>\n","protected":false},"excerpt":{"rendered":"<p>CK.ey &#8211; 2017 Sada\u0161nji Balkan je jo\u0161 pod dominacijom atlantisti\u010dkih sila i one ga kroje po nekom svom modelu, a \u017eelele bi i da ga skroje tako da zatvore to pitanje dok su ovde jo\u0161 moc\u0301ni.<\/p>\n","protected":false},"author":2,"featured_media":0,"comment_status":"open","ping_status":"open","sticky":false,"template":"","format":"standard","meta":{"footnotes":""},"categories":[1],"tags":[],"_links":{"self":[{"href":"https:\/\/srcekrajine.org\/index.php?rest_route=\/wp\/v2\/posts\/20641"}],"collection":[{"href":"https:\/\/srcekrajine.org\/index.php?rest_route=\/wp\/v2\/posts"}],"about":[{"href":"https:\/\/srcekrajine.org\/index.php?rest_route=\/wp\/v2\/types\/post"}],"author":[{"embeddable":true,"href":"https:\/\/srcekrajine.org\/index.php?rest_route=\/wp\/v2\/users\/2"}],"replies":[{"embeddable":true,"href":"https:\/\/srcekrajine.org\/index.php?rest_route=%2Fwp%2Fv2%2Fcomments&post=20641"}],"version-history":[{"count":2,"href":"https:\/\/srcekrajine.org\/index.php?rest_route=\/wp\/v2\/posts\/20641\/revisions"}],"predecessor-version":[{"id":20643,"href":"https:\/\/srcekrajine.org\/index.php?rest_route=\/wp\/v2\/posts\/20641\/revisions\/20643"}],"wp:attachment":[{"href":"https:\/\/srcekrajine.org\/index.php?rest_route=%2Fwp%2Fv2%2Fmedia&parent=20641"}],"wp:term":[{"taxonomy":"category","embeddable":true,"href":"https:\/\/srcekrajine.org\/index.php?rest_route=%2Fwp%2Fv2%2Fcategories&post=20641"},{"taxonomy":"post_tag","embeddable":true,"href":"https:\/\/srcekrajine.org\/index.php?rest_route=%2Fwp%2Fv2%2Ftags&post=20641"}],"curies":[{"name":"wp","href":"https:\/\/api.w.org\/{rel}","templated":true}]}}