{"id":20700,"date":"2018-07-15T04:30:00","date_gmt":"2018-07-15T02:30:00","guid":{"rendered":"https:\/\/srcekrajine.org\/2018\/07\/15\/tramp-okrenuo-teslu-i-bmw-ka-kini\/"},"modified":"2018-07-15T04:30:00","modified_gmt":"2018-07-15T02:30:00","slug":"tramp-okrenuo-teslu-i-bmw-ka-kini","status":"publish","type":"post","link":"https:\/\/srcekrajine.org\/?p=20700","title":{"rendered":"Tramp okrenuo Teslu i BMW ka Kini"},"content":{"rendered":"<div class=\"ftpimagefix\" style=\"float:left\"><a class=\"colorbox\" href=\"http:\/\/vesti-online.com\/Slobodno-Vreme\/Auto-moto\/704283\/Tramp-okrenuo-Teslu-i-BMW-ka-Kini\"><img decoding=\"async\" width=\"150\" src=\"http:\/\/vesti-online.com\/data\/images\/2018-03-25\/723943_bmw-1368279-1920_kf.jpg\"><\/a><\/div>\n<p>Trgovinski &#8222;rat&#8220; izme\u0111u SAD i Kine pokrenut pove\u0107avanjem izvoznih tarifa od strane predsednika SAD Donalda Trampa poga\u0111a auto-industriju, ali su pojedini proizvo\u0111a\u010di prona\u0161li na\u010din kako da ubla\u017ee gubitke. <a href=\"http:\/\/vesti-online.com\/Slobodno-Vreme\/Auto-moto\/704283\/Tramp-okrenuo-Teslu-i-BMW-ka-Kini\" class=\"colorbox\" id=\"rssmi_more\">[&#8230;]<\/a><\/p>\n","protected":false},"excerpt":{"rendered":"<p>Trgovinski &#8222;rat&#8220; izme\u0111u SAD i Kine pokrenut pove\u0107avanjem izvoznih tarifa od strane predsednika SAD Donalda Trampa poga\u0111a auto-industriju, ali su pojedini proizvo\u0111a\u010di prona\u0161li na\u010din kako da ubla\u017ee gubitke. [&#8230;]<\/p>\n","protected":false},"author":2,"featured_media":20701,"comment_status":"open","ping_status":"open","sticky":false,"template":"","format":"standard","meta":{"footnotes":""},"categories":[20],"tags":[],"_links":{"self":[{"href":"https:\/\/srcekrajine.org\/index.php?rest_route=\/wp\/v2\/posts\/20700"}],"collection":[{"href":"https:\/\/srcekrajine.org\/index.php?rest_route=\/wp\/v2\/posts"}],"about":[{"href":"https:\/\/srcekrajine.org\/index.php?rest_route=\/wp\/v2\/types\/post"}],"author":[{"embeddable":true,"href":"https:\/\/srcekrajine.org\/index.php?rest_route=\/wp\/v2\/users\/2"}],"replies":[{"embeddable":true,"href":"https:\/\/srcekrajine.org\/index.php?rest_route=%2Fwp%2Fv2%2Fcomments&post=20700"}],"version-history":[{"count":0,"href":"https:\/\/srcekrajine.org\/index.php?rest_route=\/wp\/v2\/posts\/20700\/revisions"}],"wp:featuredmedia":[{"embeddable":true,"href":"https:\/\/srcekrajine.org\/index.php?rest_route=\/wp\/v2\/media\/20701"}],"wp:attachment":[{"href":"https:\/\/srcekrajine.org\/index.php?rest_route=%2Fwp%2Fv2%2Fmedia&parent=20700"}],"wp:term":[{"taxonomy":"category","embeddable":true,"href":"https:\/\/srcekrajine.org\/index.php?rest_route=%2Fwp%2Fv2%2Fcategories&post=20700"},{"taxonomy":"post_tag","embeddable":true,"href":"https:\/\/srcekrajine.org\/index.php?rest_route=%2Fwp%2Fv2%2Ftags&post=20700"}],"curies":[{"name":"wp","href":"https:\/\/api.w.org\/{rel}","templated":true}]}}