{"id":20774,"date":"2018-07-20T18:33:58","date_gmt":"2018-07-20T16:33:58","guid":{"rendered":"https:\/\/srcekrajine.org\/?p=20774"},"modified":"2018-07-20T19:12:14","modified_gmt":"2018-07-20T17:12:14","slug":"dnevni-zapisi-jednog-ustasa","status":"publish","type":"post","link":"https:\/\/srcekrajine.org\/?p=20774","title":{"rendered":"Dnevni zapisi jednog usta\u0161a"},"content":{"rendered":"<h4 class=\"title style-scope ytd-video-primary-info-renderer\">11. decembar 2016<\/h4>\n<h1 class=\"title style-scope ytd-video-primary-info-renderer\"><img loading=\"lazy\" decoding=\"async\" class=\"size-large wp-image-2482251\" src=\"http:\/\/xdn.tf.rs\/2016\/11\/27\/Petar-I-Karadjordjevic-ucestvovao-je-u-Nevesinjskom-ustanku-pod-pseudonimom-Petar-Mrkonjic-670x1098.jpg\" alt=\"Petar I Kara\u0111or\u0111evi\u0107 u\u010destvovao je u Nevesinjskom ustanku pod pseudonimom Petar Mrkonji\u0107. Foto: Wikimedia Commons\/Bogunovic\" width=\"600\" height=\"983\" \/><\/h1>\n<p>Petar I Kara\u0111or\u0111evi\u0107 u\u010destvovao je u Nevesinjskom ustanku pod pseudonimom Petar Mrkonji\u0107. Foto: Wikimedia Commons\/Bogunovic<\/p>\n<h2>Kralj Petar I Kara\u0111or\u0111evi\u0107 je izdao knjigu pod nazivom &#8222;Dnevni zapisi jednog usta\u0161a o bosansko-hercegova\u010dkom ustanku 1875-1876. godine&#8220;, dok je veliki Valtazar Bogi\u0161i\u0107 napisao &#8222;Nacrt zakona za hercegova\u010dke usta\u0161e&#8220; kojim je poku\u0161ao da predlo\u017ei ustrojstvo revolucionarnog antiosmanlijskog pokreta prekodrinskih Srba.<\/h2>\n<p><!--more--><\/p>\n<p><img loading=\"lazy\" decoding=\"async\" class=\"size-large wp-image-2482227\" src=\"http:\/\/xdn.tf.rs\/2016\/11\/27\/Dnevni-zapisci-jednog-ustasa-o-Bosansko-hercegovackom-ustanku-1875-1876-godine-670x774.jpg\" alt=\"&quot;Dnevni zapisi jednog usta\u0161a o bosansko-hercegova\u010dkom ustanku 1875-1876. godine&quot;, knjiga koju je napisao kralj Petar I Kara\u0111or\u0111evi\u0107. Da, dobro ste pro\u010ditali, Srbi su nekada koristili re\u010d usta\u0161a za ustanika. Foto: cro-eu.com\" width=\"600\" height=\"693\" \/><\/p>\n<p>&#8222;Dnevni zapisi jednog usta\u0161a o bosansko-hercegova\u010dkom ustanku 1875-1876. godine&#8220;, knjiga koju je napisao kralj Petar I Kara\u0111or\u0111evi\u0107. Da, dobro ste pro\u010ditali, Srbi su nekada koristili re\u010d usta\u0161a za ustanika. Foto: cro-eu.com<\/p>\n<p><strong>Kada srbin \u017eeli da uvredi Hrvata, nazove ga usta\u0161om<\/strong>\u00a0(naravno, ako taj Hrvat nije usta\u0161a, po\u0161to ako jeste onda nije uvreda).<\/p>\n<p><strong>Kada Hrvat duboko zaglibi u nacionalisti\u010dko onanisanje, onda se di\u010di svojim usta\u0161tvom<\/strong>.<\/p>\n<p>U post-ratovskoj svesti, usta\u0161a je hrvatska re\u010d i samo Hrvat mo\u017ee biti usta\u0161a (mada velika ve\u0107ina Hrvata to nisu, da bi bio usta\u0161a taj etni\u010dki uslov mora\u0161 da ispuni\u0161).<\/p>\n<p>Problem sa tom konstrukcijom je \u0161to ona ne odgovara etimolo\u0161kim i istorijskim \u010dinjenicama.<\/p>\n<p><strong>Usta\u0161a je re\u010d koja dolazi od glagola &#8222;ustati&#8220;, i sinonim je za re\u010d &#8222;ustanik&#8220;<\/strong>.<\/p>\n<p><strong>Nema nikakve sumnje da je<\/strong>\u00a0<strong>to bila glavna re\u010d koja se odnosila na srpske ustanike u Bosni i Hercegovini<a href=\"http:\/\/www.telegraf.rs\/teme\/bosna-i-hercegovina\" target=\"_blank\">\u00a0<\/a>tokom pobune protiv Osmanlijskog carstva\u00a01875-78. godine.<\/strong><\/p>\n<p>Kako to znamo?<\/p>\n<p><strong>Kralj\u00a0Petar I Kara\u0111or\u0111evi\u0107<\/strong>\u00a0<strong>je u Nevesinjskoj pu\u0161ci u\u010destvovao pod nom d&#8217;gerom Petar Mrkonji\u0107<\/strong>, da bi sakrio svoj identitet od obrenovi\u0107evskih agenata (Mrkonji\u0107 Grad nosi ime po tom njegovom pseudonimu). Nakon \u0161to se ustanak zavr\u0161io na\u0161 je monarh objavio knjigu pod nazivom &#8222;<strong>Dnevni zapisi jednog usta<strong>\u0161<\/strong>a o bosansko-hercegova\u010dkom ustanku 1875-1876. godine<\/strong>&#8222;.<\/p>\n<p>Tu se pri\u010da ne zavr\u0161ava. Nevesinjski ustanak izazvao je ratove Srbije i Crne Gore sa Turskom (kasnije se uplela i Ruska imperija , iz \u010dega je Bugarska oslobo\u0111ena). Tokom tih ratova,<strong>\u00a0istori\u010dar Milo\u0161 Milojevi\u0107 osniva dobrovolja\u010dke jedinice koje nose \u010dudesne nazive<\/strong>. \u010cudesne iz ove perspektive.<\/p>\n<p>E sad, mo\u017eda je &#8222;usta\u0161a&#8220; i hrvatska re\u010d, mo\u017eda je istinski srpska , kao i mnoge druge, ali prvo pouzdano kori\u0161\u0107enje te re\u010di u Hrvata odigralo se tek 1929. godine formiranjem organizacije Usta\u0161a .<\/p>\n","protected":false},"excerpt":{"rendered":"<p>11. decembar 2016 Petar I Kara\u0111or\u0111evi\u0107 u\u010destvovao je u Nevesinjskom ustanku pod pseudonimom Petar Mrkonji\u0107. Foto: Wikimedia Commons\/Bogunovic Kralj Petar I Kara\u0111or\u0111evi\u0107 je izdao knjigu pod nazivom &#8222;Dnevni zapisi jednog usta\u0161a o bosansko-hercegova\u010dkom ustanku 1875-1876. godine&#8220;, dok je veliki Valtazar Bogi\u0161i\u0107 napisao &#8222;Nacrt zakona za hercegova\u010dke usta\u0161e&#8220; kojim je poku\u0161ao da predlo\u017ei ustrojstvo revolucionarnog antiosmanlijskog [&hellip;]<\/p>\n","protected":false},"author":2,"featured_media":0,"comment_status":"open","ping_status":"open","sticky":false,"template":"","format":"standard","meta":{"footnotes":""},"categories":[1],"tags":[],"_links":{"self":[{"href":"https:\/\/srcekrajine.org\/index.php?rest_route=\/wp\/v2\/posts\/20774"}],"collection":[{"href":"https:\/\/srcekrajine.org\/index.php?rest_route=\/wp\/v2\/posts"}],"about":[{"href":"https:\/\/srcekrajine.org\/index.php?rest_route=\/wp\/v2\/types\/post"}],"author":[{"embeddable":true,"href":"https:\/\/srcekrajine.org\/index.php?rest_route=\/wp\/v2\/users\/2"}],"replies":[{"embeddable":true,"href":"https:\/\/srcekrajine.org\/index.php?rest_route=%2Fwp%2Fv2%2Fcomments&post=20774"}],"version-history":[{"count":3,"href":"https:\/\/srcekrajine.org\/index.php?rest_route=\/wp\/v2\/posts\/20774\/revisions"}],"predecessor-version":[{"id":20777,"href":"https:\/\/srcekrajine.org\/index.php?rest_route=\/wp\/v2\/posts\/20774\/revisions\/20777"}],"wp:attachment":[{"href":"https:\/\/srcekrajine.org\/index.php?rest_route=%2Fwp%2Fv2%2Fmedia&parent=20774"}],"wp:term":[{"taxonomy":"category","embeddable":true,"href":"https:\/\/srcekrajine.org\/index.php?rest_route=%2Fwp%2Fv2%2Fcategories&post=20774"},{"taxonomy":"post_tag","embeddable":true,"href":"https:\/\/srcekrajine.org\/index.php?rest_route=%2Fwp%2Fv2%2Ftags&post=20774"}],"curies":[{"name":"wp","href":"https:\/\/api.w.org\/{rel}","templated":true}]}}