{"id":20857,"date":"2018-07-28T06:28:48","date_gmt":"2018-07-28T04:28:48","guid":{"rendered":"https:\/\/srcekrajine.org\/?p=20857"},"modified":"2018-08-19T16:41:39","modified_gmt":"2018-08-19T14:41:39","slug":"migranati-probili-granicu-spanije","status":"publish","type":"post","link":"https:\/\/srcekrajine.org\/?p=20857","title":{"rendered":"Migranati  probili granicu \u0160panije"},"content":{"rendered":"<p><span class=\"author\">Novosti online<\/span> | 26. jul 2018.<\/p>\n<p><a class=\"verticalArticleImage cboxElement\" href=\"http:\/\/www.novosti.rs\/upload\/images\/2018b\/\/07\/26n\/DjCfRpBXgAAHWcy.jpg\"><img decoding=\"async\" src=\"http:\/\/www.novosti.rs\/upload\/thumbs\/images\/2018b\/\/07\/26n\/DjCfRpBXgAAHWcy_620x0.jpg\" alt=\" Twitter Alternative view Ireland@AltviewIreland\" \/><\/a><\/p>\n<p lang=\"sr-YU\"><span style=\"font-family: Courier New,monospace;\">Vi\u0161e od sedamsto migranata naoru\u017eanih motkama i improvizovanim baca\u010dima plamena probilo je grani\u010dnu ogradu u \u0161panskom gradu Seuti, prenose lokalni mediji.<\/span><\/p>\n<p><!--more--><\/p>\n<p lang=\"sr-YU\"><span style=\"font-family: Courier New,monospace;\">U tome je povre\u0111eno vi\u0161e od sto migranata i dvadeset dva slu\u017ebenika pograni\u010dne policije.<\/span><\/p>\n<p lang=\"sr-YU\"><span style=\"font-family: Courier New,monospace;\">\u0160panski Crveni krst napisao je na svom nalogu na Tviteru da je pozvan da pregleda 592 osobe nakon masivnog juri\u0161a na ogradu koji se dogodio u zoru.<\/span><\/p>\n<p lang=\"sr-YU\"><span style=\"font-family: Courier New,monospace;\">U napadu migranata, tako\u0111e, povre\u0111ena su i 22 policajca, a \u010detvorica su hospitalizovana.<\/span><\/p>\n<p lang=\"sr-YU\">\n<p lang=\"sr-YU\">OVO MOZE\u00a0SAMO IDIOT DA\u00a0 IZJAVI\u00a0. . .<\/p>\n<p lang=\"sr-YU\">\n<p><iframe loading=\"lazy\" title=\"\u0412\u0443\u0447\u0438\u045b \u043a\u0430\u0436\u0435 \u0434\u0430 \u0458\u0435 ,,\u043c\u0443\u0434\u0440\u043e \u0448\u0442\u043e \u0458\u0435 \u041c\u0435\u0440\u043a\u0435\u043b \u043f\u043e\u0434\u0438\u0433\u043b\u0430 \u043d\u0430\u0442\u0430\u043b\u0438\u0442\u0435\u0442 \u041d\u0435\u043c\u0430\u0447\u043a\u0435 \u0443\u0432\u043e\u0437\u043e\u043c \u043c\u0438\u0433\u0440\u0430\u043d\u0430\u0442\u0430&quot;! \u0414\u0430 \u043b\u0438 \u0458\u0435 \u043e\u0432\u0430\u0458 \u043d\u043e\" width=\"500\" height=\"281\" src=\"https:\/\/www.youtube.com\/embed\/HtYjreydE2Q?feature=oembed\" frameborder=\"0\" allow=\"accelerometer; autoplay; clipboard-write; encrypted-media; gyroscope; picture-in-picture; web-share\" referrerpolicy=\"strict-origin-when-cross-origin\" allowfullscreen><\/iframe><\/p>\n","protected":false},"excerpt":{"rendered":"<p>Novosti online | 26. jul 2018. Vi\u0161e od sedamsto migranata naoru\u017eanih motkama i improvizovanim baca\u010dima plamena probilo je grani\u010dnu ogradu u \u0161panskom gradu Seuti, prenose lokalni mediji.<\/p>\n","protected":false},"author":2,"featured_media":0,"comment_status":"open","ping_status":"open","sticky":false,"template":"","format":"standard","meta":{"footnotes":""},"categories":[1],"tags":[],"_links":{"self":[{"href":"https:\/\/srcekrajine.org\/index.php?rest_route=\/wp\/v2\/posts\/20857"}],"collection":[{"href":"https:\/\/srcekrajine.org\/index.php?rest_route=\/wp\/v2\/posts"}],"about":[{"href":"https:\/\/srcekrajine.org\/index.php?rest_route=\/wp\/v2\/types\/post"}],"author":[{"embeddable":true,"href":"https:\/\/srcekrajine.org\/index.php?rest_route=\/wp\/v2\/users\/2"}],"replies":[{"embeddable":true,"href":"https:\/\/srcekrajine.org\/index.php?rest_route=%2Fwp%2Fv2%2Fcomments&post=20857"}],"version-history":[{"count":4,"href":"https:\/\/srcekrajine.org\/index.php?rest_route=\/wp\/v2\/posts\/20857\/revisions"}],"predecessor-version":[{"id":21142,"href":"https:\/\/srcekrajine.org\/index.php?rest_route=\/wp\/v2\/posts\/20857\/revisions\/21142"}],"wp:attachment":[{"href":"https:\/\/srcekrajine.org\/index.php?rest_route=%2Fwp%2Fv2%2Fmedia&parent=20857"}],"wp:term":[{"taxonomy":"category","embeddable":true,"href":"https:\/\/srcekrajine.org\/index.php?rest_route=%2Fwp%2Fv2%2Fcategories&post=20857"},{"taxonomy":"post_tag","embeddable":true,"href":"https:\/\/srcekrajine.org\/index.php?rest_route=%2Fwp%2Fv2%2Ftags&post=20857"}],"curies":[{"name":"wp","href":"https:\/\/api.w.org\/{rel}","templated":true}]}}