{"id":21,"date":"2009-04-04T06:21:36","date_gmt":"2009-04-04T04:21:36","guid":{"rendered":"http:\/\/37.251.99.59:5000\/?p=21"},"modified":"2009-04-04T06:21:36","modified_gmt":"2009-04-04T04:21:36","slug":"nenad-pejnovi-kriv-za-odvoenje-ali-ne-i-za-ubojstvo","status":"publish","type":"post","link":"https:\/\/srcekrajine.org\/?p=21","title":{"rendered":"Nenad Pejnovi\u0107 kriv za odvo\u0111enje, ali ne i za ubojstvo"},"content":{"rendered":"<p>Nenad Pejnovi\u0107 kriv za odvo\u0111enje, ali ne i za ubojstvo hrvatskih civila 1991.<br \/> Autor Zdravko Bi\u010dak<br \/> <img decoding=\"async\" src=\"http:\/\/www.vecernji.hr\/system\/galleries\/pics\/090403\/pejo-tx.jpg\" border=\"0\" alt=\"Slika\" \/><br \/> KARLOVAC &#8211; Nenad Pejnovi\u0107 (45) osu\u0111en je na \u0161est godina zatvora<\/p>\n<p>  <!--more--> <\/p>\n<p> za doga\u0111aje vezane uz ubojstvo petero civila Hrvata, stanovnika zaselka \u010corci u Vrhovinama, u listopadu 1991. godine. U nepravomo\u0107noj presudi \u017dupanijskog suda u Karlovcu koju je pro\u010ditao sudac Ante Ujevi\u0107 isti\u010de se kako je Pejnovi\u0107 4. listopada 1991. kao pripadnik tada\u0161njih paravojnih srpskih postrojbi zajedno s drugim osobama odveo Martina, Matu, Katu, Stjepana i Vladimira \u010corka i zato\u010dio ih, a kasnije su svih petero hladnim i vatrenim oru\u017ejem ubijeni. Ostatke njihovih tijela prona\u0161li su djelatnici NP Plitv\u010dka jezera tek nakon Oluje.<br \/> &#8211; Sud nije na\u0161ao dovoljno dokaza za dio optu\u017enice u kojem se okrivljenika tereti da je osim \u0161to je civile odveo i zato\u010dio protivno \u017denevskoj konvenciji upravo on i li\u0161io \u017eivota ovih petero ljudi. Indicije za to postoje, prije svega u svjedo\u010denju za\u0161ti\u0107enog svjedoka, no krug dokaza nije se zatvorio. Osim toga nema niti dokaza da je u ovoj skupini bio i Slavko \u010corak &#8211; rekao je obja\u0161njavaju\u0107i presudu sudac Ujevi\u0107.<\/p>\n<p>U zavr\u0161noj rije\u010di Zdravko Car je u ime dr\u017eavnog odvjetni\u0161tva istaknuo da je nedvojbeno dokazano kako je civile iz \u010coraka odvelo vi\u0161e uniformiranih osoba i li\u0161ilo \u017eivota iako nisu predstavaljali nikakvu opasnost. I tada\u0161nji zapovjednik policijske postaje u Vrhovinama Milan Pupavac zvan Macan u svojim je slu\u017ebenim bilje\u0161kama potvrdio postojanje samostalnog voda za specijelne namjene \u010diji je i Pejnovi\u0107 bio \u010dlan. C<\/p>\n<p>Posebno se osvrnuo na svjedo\u010denje za\u0161ti\u0107enog svjedoka koji je rekao kako se nakon pokolja govorilo da je Pejnovi\u0107 zaklao Vladu \u010corka zvanog Brico. Taj je doga\u0111aj opisivao rije\u010dima:<br \/> &#8211; Ja ga koljem on se smije, kakvo srce ima.<\/p>\n<p>Obrana je sasvim suprotno tvrdila kako nikakvih dokaza da je Pejnovi\u0107 ubio te ljude nema, a posebno se osvrnula na iskaz za\u0161ti\u0107enog svjedoka tvrdiv\u0161i kako je on nezakonit, te kako se radi o \u010dovjeku protiv kojeg je podnesena kaznena prijava za isti taj zlo\u010din, pa terete\u0107i Pejnovi\u0107a \u017eeli odvratiti pozornost sa sebe.<\/p>\n<p>Svjedo\u010denje drugih mje\u0161tana i obitelji stradalih \u010coraka protuma\u010dili su kao iskaz osoba koje su pretrpjele te\u0161ki gubitak i u nedostatku pravih krivaca svu krivnju svaljuju na okrivljenog. Osim toga isticali su kako je desetak dana prije pokolja upravo Pejnovi\u0107 spasio dio stanovnika zaselka prevezev\u0161i ih na slobodni prostor Hrvatske.<\/p>\n<p>Pejnovi\u0107 je tijekom zavr\u0161nih rije\u010di i \u010ditanja presude plakao.<br \/> &#8211; Vjerujte da nisam kriv. Zar bi ostavio svoju malu djecu i do\u0161ao u Hrvatsku da sam bio kriv za zlo\u010din &#8211; rekao je Pejnovi\u0107 koji je ve\u0107 prije izjavio kako su ovaj zlo\u010din po\u010dinili Banjo Kon\u010dak, bra\u0107a Predrag i Nenad Bruji\u0107, Nedjeljko Brakus i Danko Jelovac, te je spreman o tome s jo\u0161 nekim ljudima i svjedo\u010diti.<\/p>\n<p>Vecernji list 03.04.2009<\/p>\n","protected":false},"excerpt":{"rendered":"<p>Nenad Pejnovi\u0107 kriv za odvo\u0111enje, ali ne i za ubojstvo hrvatskih civila 1991. Autor Zdravko Bi\u010dak KARLOVAC &#8211; Nenad Pejnovi\u0107 (45) osu\u0111en je na \u0161est godina zatvora<\/p>\n","protected":false},"author":1,"featured_media":0,"comment_status":"open","ping_status":"open","sticky":false,"template":"","format":"standard","meta":{"footnotes":""},"categories":[1],"tags":[],"_links":{"self":[{"href":"https:\/\/srcekrajine.org\/index.php?rest_route=\/wp\/v2\/posts\/21"}],"collection":[{"href":"https:\/\/srcekrajine.org\/index.php?rest_route=\/wp\/v2\/posts"}],"about":[{"href":"https:\/\/srcekrajine.org\/index.php?rest_route=\/wp\/v2\/types\/post"}],"author":[{"embeddable":true,"href":"https:\/\/srcekrajine.org\/index.php?rest_route=\/wp\/v2\/users\/1"}],"replies":[{"embeddable":true,"href":"https:\/\/srcekrajine.org\/index.php?rest_route=%2Fwp%2Fv2%2Fcomments&post=21"}],"version-history":[{"count":0,"href":"https:\/\/srcekrajine.org\/index.php?rest_route=\/wp\/v2\/posts\/21\/revisions"}],"wp:attachment":[{"href":"https:\/\/srcekrajine.org\/index.php?rest_route=%2Fwp%2Fv2%2Fmedia&parent=21"}],"wp:term":[{"taxonomy":"category","embeddable":true,"href":"https:\/\/srcekrajine.org\/index.php?rest_route=%2Fwp%2Fv2%2Fcategories&post=21"},{"taxonomy":"post_tag","embeddable":true,"href":"https:\/\/srcekrajine.org\/index.php?rest_route=%2Fwp%2Fv2%2Ftags&post=21"}],"curies":[{"name":"wp","href":"https:\/\/api.w.org\/{rel}","templated":true}]}}