{"id":21223,"date":"2018-08-25T07:38:43","date_gmt":"2018-08-25T05:38:43","guid":{"rendered":"https:\/\/srcekrajine.org\/?p=21223"},"modified":"2018-08-25T07:38:43","modified_gmt":"2018-08-25T05:38:43","slug":"bivsi-sef-izraelske-obavestajne-sluzbe-jakov-kedmi","status":"publish","type":"post","link":"https:\/\/srcekrajine.org\/?p=21223","title":{"rendered":"Biv\u0161i \u0161ef izraelske obave\u0161tajne slu\u017ebe Jakov Kedmi"},"content":{"rendered":"<p>BalkansPress \/ 23. Avgust 2018.<\/p>\n<p>&nbsp;<\/p>\n<p><iframe loading=\"lazy\" title=\"Jacob Kedmi on genocide of the Serbs, Tutsis, and Jews\" width=\"500\" height=\"281\" src=\"https:\/\/www.youtube.com\/embed\/K3t3yhK3I1I?start=123&#038;feature=oembed\" frameborder=\"0\" allow=\"accelerometer; autoplay; clipboard-write; encrypted-media; gyroscope; picture-in-picture; web-share\" referrerpolicy=\"strict-origin-when-cross-origin\" allowfullscreen><\/iframe><\/p>\n<p>Jakov Kedmi, biv\u0161i \u0161ef izraelske obave\u0161tajne slu\u017ebe \u201cNativ\u201d, osnovane radi povezivanja sa Jevrejima Sovjetskog Saveza i zemalja Isto\u010dne Evrope, ekspert za vojno-politi\u010dka pitanja i me\u0111unarodnu politiku, gostovao je krajem godine na ruskoj televiziji \u201cRusija 1\u201d u popularnoj emisiji \u201cVe\u010de sa Vladimirom Solovjovim\u201d i govorio je o sukobima u biv\u0161oj Jugoslaviji, a snimak je poslednjih dana postao veoma popularan na internetu.<!--more--><\/p>\n<p><strong>\u2013 Jugoslavija je razbijena da bi se udarilo na Srbiju i da bi se spre\u010dili budu\u0107i, specijalni odnosi izme\u0111u Srbije i Crne Gore sa Rusijom. Glavni cilj je da Balkan ostane izvan ruskog uticaja \u2013 po\u010deo je Kedmi.<\/strong><\/p>\n<p><strong>On je izjavio da je raspad Jugoslavije (na Zapadu) dugo planiran i da su mu Slovenci koji su bili u vrhu obave\u0161tajnih slu\u017ebi u Jugoslaviji, pri\u010dali o albanskim teroristi\u010dkim akcijama na Kosovu, a onda se vratio na gra\u0111anski rat u Jugoslaviji.<\/strong><\/p>\n<p><strong><span style=\"color: #333399;\">\u2013 Balkan je veoma komplikovan region, tamo pravednika nije bilo, bio je gra\u0111anski rat i Srbi su dobro znali \u0161ta su im Hrvati uradili za vreme II svetskog rata! Hrvati su ubijali Srbe i Jevreje, milion ljudi su ubili samo zato \u0161to su Srbi \u2013 podsetio je Kedmi.<\/span><\/strong><\/p>\n<p><strong><span style=\"color: #333399;\">Na opasku drugog gosta u emisiji, da su to radile usta\u0161e, a ne Hrvati, Jakov Kedmi je uzbu\u0111eno odreagovao i rekao da misli na Hrvate, a onda se ume\u0161ao i voditelj.<\/span><\/strong><\/p>\n<p><strong><span style=\"color: #333399;\">\u2013 Ja mislim da Jakov odli\u010dno zna \u0161ta govori i da dobro vlada ruskim jezikom da bi mogao da se izrazi kako \u017eeli \u2013 rekao je Solovjov.<\/span><\/strong><\/p>\n<p><strong><span style=\"color: #333399;\">Jakov Kedmi je potom po\u010deo da opisuje usta\u0161ke zlo\u010dine nad Srbima.<\/span><\/strong><\/p>\n<p><strong><span style=\"color: #800080;\">\u2013 Oni su vodili ka rekama mu\u0161karce, \u017eene i decu, razbijali im lobanje ogromnim palicama, a onda ih bacali u reku! To je tradicionalna hrvatska egzekucija! I Hrvati su po\u010deli raspad Jugoslavije \u2013 rekao je on.<\/span><\/strong><\/p>\n<p>Kedmi je rekao i da su Hrvati i Muslimani bili sledbenici Hitlera i dodao da su \u201c90 odsto muslimanskog Hiterovog bataljona \u010dinili muslimani iz Bosne\u201d.<\/p>\n<p>\u2013 Na njihovoj strani su devedesetih bili ljudi pla\u0107eni i naoru\u017eani od strane Bin Ladena, ljudi iz Avganistani i \u010ce\u010denci! Sav teroristi\u010dki \u0161ljam sveta se skupio i ratovao protiv Srba u Bosni. Niko ne govori o Srbima koji su spaljivani u crkvama u Bosni i na Kosovu! To je bio gra\u0111anski rat, nije bilo pravednika, ali za sve se krive samo Srbi \u2013 izjavio je Kedmi na ivici suza.<\/p>\n<p><strong>On je podsetio i na Ha\u0161ku odluku da Milo\u0161evi\u0107 nije ume\u0161an u zlo\u010dine u Hrvatskoj i Bosni i Hercegovini.<\/strong><\/p>\n<p><strong>\u2013 Ali, niko o tome ne govori \u2013 upozorio je Kedmi.<\/strong><\/p>\n<p>Potom, on je govorio o ne\u010dinjenju Madlen Olbrajt prilikom genocida u Ruandi, a dodao je i da je Rusija izdala Srbe i da oni zbog toga idu u NATO i u Evropu.<\/p>\n<p><strong>\u2013 Da je tada bila ova Rusija, ni\u0161ta se ne bi desilo u Jugoslaviji i niko ne bi pipnuo ni Srbe, ni Hrvate, niti bilo koga \u2013 izjavio je on.<\/strong><\/p>\n<p>Na pitanje drugog gosta kako se on ose\u0107ao u Hrvatskoj, Kedmi, koji je Jevrej, je izjavio da se tamo ose\u0107ao \u201ckao u Nema\u010dkoj\u201d, posle toga je on krenuo da pri\u010da o genocidu Nemaca nad Jevrejima i nije vi\u0161e mogao da zadr\u017ei suze.<\/p>\n<p>\u2013 Kad sam oti\u0161ao u Austriju, prvo sam svog sina odveo da vidi Mauthauzen, a onda smo se zadesili na putu u Nema\u010dkoj. Moj sin se probudio u autu i po\u017eeleo da iza\u0111e. Stali smo i pitao je:,,Gde smo mi? U Nema\u010dkoj?\u201d I, ja sam rekao:,,Da\u201d. I de\u010dak je rekao \u2013 Ne\u0107u da iza\u0111em, ne\u0107u da budem u Nema\u010dkoj! Imao je samo 6 godina \u2013 u suzama je ispri\u010dao Kedmi.<\/p>\n<p>Na kraju je savr\u0161en zaklju\u010dak iznela Jelena Guskova, ruski ekspert za Balkan, koja je rekla da Jevreji odli\u010dno pamte zlo\u010dine koji su po\u010dinjeni nad njima od strane nacista, ali da to, na\u017ealost, nije slu\u010daj i sa Srbima.<\/p>\n<p>Mladi\u0107 je spasio Srbe u Bosni!<\/p>\n<p>Kedmi je, u istoj emisiji, naveo i da je \u201cRatko Mladi\u0107 spasio Srbe u Bosni i Republiku Srpsku i da nije bilo njega, ne bi bilo Srba u Bosni i ne bi bilo Republike Srpske\u201d.<\/p>\n<p>&nbsp;<\/p>\n","protected":false},"excerpt":{"rendered":"<p>BalkansPress \/ 23. Avgust 2018. &nbsp; Jakov Kedmi, biv\u0161i \u0161ef izraelske obave\u0161tajne slu\u017ebe \u201cNativ\u201d, osnovane radi povezivanja sa Jevrejima Sovjetskog Saveza i zemalja Isto\u010dne Evrope, ekspert za vojno-politi\u010dka pitanja i me\u0111unarodnu politiku, gostovao je krajem godine na ruskoj televiziji \u201cRusija 1\u201d u popularnoj emisiji \u201cVe\u010de sa Vladimirom Solovjovim\u201d i govorio je o sukobima u biv\u0161oj [&hellip;]<\/p>\n","protected":false},"author":2,"featured_media":0,"comment_status":"open","ping_status":"open","sticky":false,"template":"","format":"standard","meta":{"footnotes":""},"categories":[1],"tags":[],"_links":{"self":[{"href":"https:\/\/srcekrajine.org\/index.php?rest_route=\/wp\/v2\/posts\/21223"}],"collection":[{"href":"https:\/\/srcekrajine.org\/index.php?rest_route=\/wp\/v2\/posts"}],"about":[{"href":"https:\/\/srcekrajine.org\/index.php?rest_route=\/wp\/v2\/types\/post"}],"author":[{"embeddable":true,"href":"https:\/\/srcekrajine.org\/index.php?rest_route=\/wp\/v2\/users\/2"}],"replies":[{"embeddable":true,"href":"https:\/\/srcekrajine.org\/index.php?rest_route=%2Fwp%2Fv2%2Fcomments&post=21223"}],"version-history":[{"count":2,"href":"https:\/\/srcekrajine.org\/index.php?rest_route=\/wp\/v2\/posts\/21223\/revisions"}],"predecessor-version":[{"id":21225,"href":"https:\/\/srcekrajine.org\/index.php?rest_route=\/wp\/v2\/posts\/21223\/revisions\/21225"}],"wp:attachment":[{"href":"https:\/\/srcekrajine.org\/index.php?rest_route=%2Fwp%2Fv2%2Fmedia&parent=21223"}],"wp:term":[{"taxonomy":"category","embeddable":true,"href":"https:\/\/srcekrajine.org\/index.php?rest_route=%2Fwp%2Fv2%2Fcategories&post=21223"},{"taxonomy":"post_tag","embeddable":true,"href":"https:\/\/srcekrajine.org\/index.php?rest_route=%2Fwp%2Fv2%2Ftags&post=21223"}],"curies":[{"name":"wp","href":"https:\/\/api.w.org\/{rel}","templated":true}]}}