{"id":21274,"date":"2018-08-29T16:07:40","date_gmt":"2018-08-29T14:07:40","guid":{"rendered":"https:\/\/srcekrajine.org\/?p=21274"},"modified":"2018-08-29T16:33:58","modified_gmt":"2018-08-29T14:33:58","slug":"latini-i-jezuiti-u-borbi-protiv-pravoslavlja","status":"publish","type":"post","link":"https:\/\/srcekrajine.org\/?p=21274","title":{"rendered":"Latini i jezuiti u borbi protiv pravoslavlja"},"content":{"rendered":"<p>pripremio &#8211; 28.08.2018 . CK.ey &#8211; Putnik bez adrese kroz vreme srece . . .<\/p>\n<p>Zelja\u00a0nam \u00a0je da prikazemo prevare i lazi Vatikana i doprinosu stvaranja hrvatskog nacionalizma\u00a0 protiv pravoslavlja , podignutog jos\u00a0od \u201chumanizma i renesanse\u201d 1526 \u2013 1527 god, odnosno ukljucenjem Hrvatske\u00a0 u Austriju kao beznacajne provincije .<\/p>\n<p>Humanizam i renesansa najpre su zahvatili italijanske gradove: Firencu, Rim, Napulj, Milano, Feraru, Urbino, Rimini, Veneciju, i druge, ali su se brzo prosirili i na ostale evropske zemlje; Francusku, Englesku, Poljsku, Cesku, Ugarsku, Austriju, Dubrovnik, Nizozemsku, Spaniju, Nemacku i druge zemlje.<\/p>\n<p>Zbog interesa Njemaca i Austrijanaca , pocinju da se razvijaju mali nacionalizmi , izmedu ostalih i Hrvatski .Tako su Hrvati tretirani kao ugarski feudalci .<\/p>\n<p>Od devetnaestog veka pocinju da svojataju i srpski jezik u nedostatku svog jezika , jer su do tada govorili latinskim jezikom . . .<\/p>\n<p>Sustina je , da su to prodori Vatikana na Balkanska i daljnja podrucja , gde koriste Hrvate kao najpogodnije , posto su znali srpski jezik . . .<\/p>\n<p>&nbsp;<\/p>\n<p>Al , ajd da poslusamo sta kaze\u00a0gospodin Jovan Pejin, istori\u010dar i biv\u0161i direktor Istorijskog arhiva Srbije.<\/p>\n<p>&nbsp;<\/p>\n<p><a href=\"http:\/\/www.youtube.com\/watch?v=kb8Q1mw7puc\">http:\/\/www.youtube.com\/watch?v=kb8Q1mw7puc<\/a><\/p>\n<p><!--more--><\/p>\n<p>Gost emisije &#8222;Intervju&#8220; bio je gospodin Jovan Pejin, istori\u010dar i biv\u0161i direktor Istorijskog arhiva Srbije. Gospodin Jovan Pejin je 2012. godine uzburkao hrvatsku javnost, kada je gostuju\u0107i na HRT1 izjavio da su &#8222;svi Hrvati primitivci&#8220;, da je &#8222;Vukovar oduvek bio srpski grad&#8220; i da &#8222;Hrvati danas pri\u010daju srpskim jezikom&#8220;.<\/p>\n<p>Intervju je snimljen 06.08.2018. godine u na\u0161im prostorijama, u Beogradu. Emisiju je vodio novinar Te\u0161a Te\u0161anovi\u0107.<\/p>\n","protected":false},"excerpt":{"rendered":"<p>pripremio &#8211; 28.08.2018 . CK.ey &#8211; Putnik bez adrese kroz vreme srece . . . Zelja\u00a0nam \u00a0je da prikazemo prevare i lazi Vatikana i doprinosu stvaranja hrvatskog nacionalizma\u00a0 protiv pravoslavlja , podignutog jos\u00a0od \u201chumanizma i renesanse\u201d 1526 \u2013 1527 god, odnosno ukljucenjem Hrvatske\u00a0 u Austriju kao beznacajne provincije . Humanizam i renesansa najpre su zahvatili [&hellip;]<\/p>\n","protected":false},"author":2,"featured_media":0,"comment_status":"open","ping_status":"open","sticky":false,"template":"","format":"standard","meta":{"footnotes":""},"categories":[1],"tags":[],"_links":{"self":[{"href":"https:\/\/srcekrajine.org\/index.php?rest_route=\/wp\/v2\/posts\/21274"}],"collection":[{"href":"https:\/\/srcekrajine.org\/index.php?rest_route=\/wp\/v2\/posts"}],"about":[{"href":"https:\/\/srcekrajine.org\/index.php?rest_route=\/wp\/v2\/types\/post"}],"author":[{"embeddable":true,"href":"https:\/\/srcekrajine.org\/index.php?rest_route=\/wp\/v2\/users\/2"}],"replies":[{"embeddable":true,"href":"https:\/\/srcekrajine.org\/index.php?rest_route=%2Fwp%2Fv2%2Fcomments&post=21274"}],"version-history":[{"count":7,"href":"https:\/\/srcekrajine.org\/index.php?rest_route=\/wp\/v2\/posts\/21274\/revisions"}],"predecessor-version":[{"id":21281,"href":"https:\/\/srcekrajine.org\/index.php?rest_route=\/wp\/v2\/posts\/21274\/revisions\/21281"}],"wp:attachment":[{"href":"https:\/\/srcekrajine.org\/index.php?rest_route=%2Fwp%2Fv2%2Fmedia&parent=21274"}],"wp:term":[{"taxonomy":"category","embeddable":true,"href":"https:\/\/srcekrajine.org\/index.php?rest_route=%2Fwp%2Fv2%2Fcategories&post=21274"},{"taxonomy":"post_tag","embeddable":true,"href":"https:\/\/srcekrajine.org\/index.php?rest_route=%2Fwp%2Fv2%2Ftags&post=21274"}],"curies":[{"name":"wp","href":"https:\/\/api.w.org\/{rel}","templated":true}]}}